{"id":65529,"date":"2018-07-13T12:03:59","date_gmt":"2018-07-13T11:03:59","guid":{"rendered":"http:\/\/www.elche.es\/va\/?p=65529"},"modified":"2018-07-13T12:03:59","modified_gmt":"2018-07-13T11:03:59","slug":"agenda-cultural-cap-de-setmana-del-13-al-15-de-juliol","status":"publish","type":"post","link":"https:\/\/www.elche.es\/va\/2018\/07\/agenda-cultural-cap-de-setmana-del-13-al-15-de-juliol\/","title":{"rendered":"Agenda Cultural cap de setmana del 13 al 15 de juliol"},"content":{"rendered":"<blockquote><p>La programaci\u00f3 cultural d&#8217;aquesta finalitat de setmana destaca per la inauguraci\u00f3 de l&#8217;edici\u00f3 n\u00famero 41 del Festival de Cinema Independent, que se celebrar\u00e0 del 13 al 19 de juliol tant a l&#8217;Hort del Xocolater com a la platja dels Arenals del Sol.<\/p><\/blockquote>\n<p>&nbsp;<\/p>\n<p>Les projeccions es realitzaran a partir de les 21.30 hores i el dia 20 de juliol ser\u00e0 quan es realitze l&#8217;acte de clausura a les 22.00 hores a l&#8217;Hort del Xocolater.<\/p>\n<p>Dins del cicle del Cinema d&#8217;Estiu que es realitza\u00a0a L\u2019Escorxador hui es projecta el film \u201cDivendres 13\u201d, coincidint amb la data de hui. L&#8217;entrada \u00e9s gratu\u00efta, la projecci\u00f3 comen\u00e7ar\u00e0 a les 22.00 hores i tindr\u00e0 una durada de 95 minuts. No est\u00e0 recomanada per a menors de 18 anys.<\/p>\n<p>La terrassa de L\u2019Escorxador acollir\u00e0 dem\u00e0 a les 22.00 hores el concert de &#8220;Les filles d&#8217;Illighadad&#8221;, un grup conformat per tres xiques nigerianes, que es descriuen com \u201cuna aut\u00e8ntica declaraci\u00f3 de principis: no solament de g\u00e8nere musical, sin\u00f3 de g\u00e8nere a seques\u201d. L&#8217;entrada \u00e9s gratu\u00efta fins a completar aforament.<\/p>\n<p>Aix\u00ed mateix, el centre social de Torrellano acollir\u00e0 aquesta vesprada, a les 19.00 hores, el concert de <em>Gatetem\u00f3n<\/em>, un espectacle per als m\u00e9s xicotets en el qual el grup interpretar\u00e0 les versions de les can\u00e7ons infantils m\u00e9s conegudes. L&#8217;acte \u00e9s gratu\u00eft fins a completar aforament.<\/p>\n<p>En el Pla de Sant Josep, al Centre C\u00edvic, tindr\u00e0 lloc el dissabte 14 de juliol a les 19.30 hores una representaci\u00f3 teatral per als m\u00e9s xicotets titulada \u201cLluvia, la fiesta del agua\u201d.<\/p>\n<p>En la pla\u00e7a de Castella tindr\u00e0 lloc el dissabte 14 de juliol la representaci\u00f3 teatral &#8220;La Bruja Chispita y Agust\u00edn el Calcet\u00edn&#8221;. Tamb\u00e9, al mateix lloc dins del programa Elx Participa hi haur\u00e0 diferents actes des de les 19.00 hores. A les 20.00 hores actuaran &#8220;Las Bravas&#8221; i a les 22.00 hores <em>The Buzz Lovers<\/em> (tribut a <em>Nirvana<\/em>).<\/p>\n","protected":false},"excerpt":{"rendered":"<p>La programaci\u00f3 cultural d&#8217;aquesta finalitat de setmana destaca per la inauguraci\u00f3 de l&#8217;edici\u00f3 n\u00famero 41 del Festival de Cinema Independent, que se celebrar\u00e0 del 13 al 19 de juliol tant [&hellip;]<\/p>\n","protected":false},"author":15,"featured_media":65538,"comment_status":"closed","ping_status":"closed","sticky":false,"template":"","format":"standard","meta":{"footnotes":""},"categories":[193,1341,208],"tags":[],"class_list":["post-65529","post","type-post","status-publish","format-standard","has-post-thumbnail","hentry","category-cultura-va","category-ocio-y-cultura-va","category-participacio-ciutadana-va"],"_links":{"self":[{"href":"https:\/\/www.elche.es\/va\/wp-json\/wp\/v2\/posts\/65529","targetHints":{"allow":["GET"]}}],"collection":[{"href":"https:\/\/www.elche.es\/va\/wp-json\/wp\/v2\/posts"}],"about":[{"href":"https:\/\/www.elche.es\/va\/wp-json\/wp\/v2\/types\/post"}],"author":[{"embeddable":true,"href":"https:\/\/www.elche.es\/va\/wp-json\/wp\/v2\/users\/15"}],"replies":[{"embeddable":true,"href":"https:\/\/www.elche.es\/va\/wp-json\/wp\/v2\/comments?post=65529"}],"version-history":[{"count":0,"href":"https:\/\/www.elche.es\/va\/wp-json\/wp\/v2\/posts\/65529\/revisions"}],"wp:featuredmedia":[{"embeddable":true,"href":"https:\/\/www.elche.es\/va\/wp-json\/wp\/v2\/media\/65538"}],"wp:attachment":[{"href":"https:\/\/www.elche.es\/va\/wp-json\/wp\/v2\/media?parent=65529"}],"wp:term":[{"taxonomy":"category","embeddable":true,"href":"https:\/\/www.elche.es\/va\/wp-json\/wp\/v2\/categories?post=65529"},{"taxonomy":"post_tag","embeddable":true,"href":"https:\/\/www.elche.es\/va\/wp-json\/wp\/v2\/tags?post=65529"}],"curies":[{"name":"wp","href":"https:\/\/api.w.org\/{rel}","templated":true}]}}