{"id":65659,"date":"2018-07-17T08:35:21","date_gmt":"2018-07-17T07:35:21","guid":{"rendered":"http:\/\/www.elche.es\/va\/?p=65659"},"modified":"2018-07-17T11:58:34","modified_gmt":"2018-07-17T10:58:34","slug":"lajuntament-elabora-un-pla-municipal-per-a-garantir-unes-festes-segures-i-lliures-dagressions-sexistes","status":"publish","type":"post","link":"https:\/\/www.elche.es\/va\/2018\/07\/lajuntament-elabora-un-pla-municipal-per-a-garantir-unes-festes-segures-i-lliures-dagressions-sexistes\/","title":{"rendered":"L&#8217;Ajuntament elabora un pla municipal per a garantir unes festes segures i lliures d&#8217;agressions sexistes"},"content":{"rendered":"<blockquote><p>Una de les accions \u00e9s la creaci\u00f3 dels Espais Violetes, uns punts d&#8217;atenci\u00f3 i sensibilitzaci\u00f3 que estaran atesos per persones formades en Igualtat.<\/p>\n<p>La policia local intensificar\u00e0 el control sobre la venda i el consum d&#8217;alcohol en menors.<\/p><\/blockquote>\n<p>&nbsp;<\/p>\n<p style=\"text-align: justify\">L&#8217;Ajuntament d&#8217;Elx ha elaborat un pla espec\u00edfic per a aconseguir que les festes patronals siguen \u201csegures i lliures d&#8217;agressions sexistes\u201d. Un treball que es va iniciar en les passades festes i que enguany s&#8217;intensifica.<\/p>\n<p>La regidora d&#8217;Igualtat i Joventut, Teresa Maci\u00e1, el regidor de Festes Jos\u00e9 P\u00e9rez, i el regidor de Sanitat, Carlos S\u00e1nchez, han explicat les l\u00ednies b\u00e0siques d&#8217;aquest pla en el qual han col\u00b7laborat diferents departaments.<\/p>\n<p>Teresa Maci\u00e1 ha assenyalat que \u201cdespr\u00e9s de la primera experi\u00e8ncia, duta a terme a l&#8217;agost del 2017, d&#8217;una campanya contra la viol\u00e8ncia sexista en festes, ens plantegem millorar el format i tenir m\u00e9s for\u00e7a dins de la campanya general &#8216;Elx, per unes festes segures&#8217;\u201d.<\/p>\n<p>Maci\u00e1 ha afegit que \u201cvolem activar la resposta ciutadana de rebuig a la viol\u00e8ncia sexista cridant l&#8217;atenci\u00f3 sobre la necessitat que els espais festius i la resta de la ciutat, en festes, siguen espais segurs, en els quals l&#8217;actitud de respecte d&#8217;homes i dones permeten gaudir a les xiques i a les dones de la festa sense viol\u00e8ncia, sense risc d&#8217;agressions sexistes, siguen de la intensitat que siguen\u201d.<\/p>\n<p>La regidora ha explicat que, amb la finalitat de consensuar les accions\u00a0que es duran\u00a0a terme durant aquesta campanya &#8216;Elx, per unes Festes Segures&#8217;, han treballat de forma conjunta diverses regidories en col\u00b7laboraci\u00f3 amb les forces de seguretat i amb els ens festers.<\/p>\n<p>Aix\u00ed, dins de la campanya &#8216;Per unes festes lliures d&#8217;agressions sexistes&#8217;, es proposa la creaci\u00f3 dels Espais Violeta Elx. Es tracta d&#8217;espais d&#8217;atenci\u00f3 i sensibilitzaci\u00f3 que estaran atesos per persones formades en igualtat, en aquest cas Promotores d&#8217;Igualtat, formades en el Cicle Superior de Promotores d&#8217;Igualtat del Victoria\u00a0Kent, a trav\u00e9s de la seua Associaci\u00f3\u00a0APPROMIG.<\/p>\n<p>Es tindr\u00e0 un espai visible en les festes:<\/p>\n<p>-Un Punt Violeta en el\u00a0Rac\u00f3\u00a0Fester de l&#8217;11 al 15 d&#8217;Agost. Amb un horari de 12 a 16 hores, i de 20 a\u00a024 hores. Espai des d&#8217;on, persones formades en igualtat i prevenci\u00f3 de la viol\u00e8ncia de g\u00e8nere, informaran sobre la campanya i les accions que es realitzaran en festes, i tamb\u00e9 ser\u00e0 un punt d&#8217;atenci\u00f3 davant qualsevol situaci\u00f3 d&#8217;assetjament, agressi\u00f3, etc.<\/p>\n<p>-Un altre Punt Violeta en la Barraca Municipal, durant els dies que se celebre la barraca, amb un horari de 12 de la nit a 5 del mat\u00ed.<\/p>\n<p>-I un altre Punt Violeta en zona centre de la ciutat, zones d&#8217;oci del centre, zona de <em>botell\u00f3n<\/em>, etc. S&#8217;instal\u00b7laran en diversos punts com la pla\u00e7a Jaume I (11 d&#8217;Agost) i\u00a0Passeig\u00a0de les Eres de Santa\u00a0Llucia\u00a0(14 d&#8217;agost). Portaran unes samarretes identificatives de la campanya i es repartiran fullets, s&#8217;oferir\u00e0 informaci\u00f3 i es dur\u00e0 a terme una labor preventiva.<\/p>\n<p>\u201cLa idea \u00e9s que els Punts Violeta, tant fixos com m\u00f2bils, siguen un referent en festes i un espai des d&#8217;on prestar un servei d&#8217;atenci\u00f3 a possibles v\u00edctimes d&#8217;agressions sexistes i, alhora, sensibilitzar i conscienciar sobre la import\u00e0ncia que les festes siguen tamb\u00e9 espais segurs i lliures d&#8217;agressions sexistes\u201d, ha indicat la regidora, qui ha afegit que \u201ctamb\u00e9 s&#8217;ha elaborat un pla espec\u00edfic d&#8217;actuaci\u00f3 per a prevenir i actuar enfront de les agressions sexuals. Aquest pla s&#8217;enviar\u00e0 a totes les entitats festeres, Protecci\u00f3 Civil, Policia Local, Nacional, Gu\u00e0rdia Civil i es donar\u00e0 a con\u00e9ixer a la poblaci\u00f3 en general.<\/p>\n<p>Control d&#8217;alcohol<\/p>\n<p>Per la seua banda,\u00a0el regidor de Seguretat ha informat de les mesures que es\u00a0prendran des del seu departament per a controlar el consum d&#8217;alcohol\u00a0en menors. Una\u00a0de les quals\u00a0ser\u00e0 el repartiment de cartes a tendes 24 hores i basars sobre normes de venda de begudes alcoh\u00f2liques (prohibicions hor\u00e0ries i a menors d&#8217;edat). Tamb\u00e9\u00a0s&#8217;informar\u00e0 des del departament de Via P\u00fablica als establiments sobre horaris, m\u00fasica i servei de begudes alcoh\u00f2liques.<\/p>\n<p>Jos\u00e9 P\u00e9rez ha assenyalat que\u00a0refor\u00e7ar\u00e0 la pres\u00e8ncia de patrulles de la Policia Local en els llocs on els\/les joves es concentren per\u00a0 a consumir alcohol, com \u00e9s el cas del parc Jaume I, voltants de la Barraca i el Centre de Congressos. A\u00a0m\u00e9s\u00a0d&#8217;aix\u00f2, est\u00e0 previst un important dispositiu sanitari per a atendre a totes les persones que ho necessiten, amb la pres\u00e8ncia d&#8217;ambul\u00e0ncies i un hospital de campanya.<\/p>\n<p>\u201cPer\u00f2\u00a0all\u00f2 realment important \u00e9s la prevenci\u00f3, la informaci\u00f3 i l&#8217;educaci\u00f3, per la qual cosa fem una crida als\/ a les menors perqu\u00e8 controlen i als pares i mares perqu\u00e8 consciencien els seus fills i les seues filles sobre els perills de l&#8217;ab\u00fas en el consum d&#8217;alcohol\u201d, ha sentenciat P\u00e9rez.<\/p>\n<p>En aquesta mateixa l\u00ednia, Carlos S\u00e1nchez ha alertat als pares i a les mares de l&#8217;organitzaci\u00f3 de festes clandestines privades a trav\u00e9s de les xarxes socials amb l&#8217;alcohol com a reclam, sobretot convocades per a la Nit de la\u00a0Ro\u00e0.<\/p>\n","protected":false},"excerpt":{"rendered":"<p>Una de les accions \u00e9s la creaci\u00f3 dels Espais Violetes, uns punts d&#8217;atenci\u00f3 i sensibilitzaci\u00f3 que estaran atesos per persones formades en Igualtat. La policia local intensificar\u00e0 el control sobre [&hellip;]<\/p>\n","protected":false},"author":15,"featured_media":65646,"comment_status":"closed","ping_status":"closed","sticky":false,"template":"","format":"standard","meta":{"footnotes":""},"categories":[191,209,391,215,893],"tags":[],"class_list":["post-65659","post","type-post","status-publish","format-standard","has-post-thumbnail","hentry","category-festes-va","category-igualtat-va","category-home-va","category-joventut","category-sanidad-va"],"_links":{"self":[{"href":"https:\/\/www.elche.es\/va\/wp-json\/wp\/v2\/posts\/65659","targetHints":{"allow":["GET"]}}],"collection":[{"href":"https:\/\/www.elche.es\/va\/wp-json\/wp\/v2\/posts"}],"about":[{"href":"https:\/\/www.elche.es\/va\/wp-json\/wp\/v2\/types\/post"}],"author":[{"embeddable":true,"href":"https:\/\/www.elche.es\/va\/wp-json\/wp\/v2\/users\/15"}],"replies":[{"embeddable":true,"href":"https:\/\/www.elche.es\/va\/wp-json\/wp\/v2\/comments?post=65659"}],"version-history":[{"count":0,"href":"https:\/\/www.elche.es\/va\/wp-json\/wp\/v2\/posts\/65659\/revisions"}],"wp:featuredmedia":[{"embeddable":true,"href":"https:\/\/www.elche.es\/va\/wp-json\/wp\/v2\/media\/65646"}],"wp:attachment":[{"href":"https:\/\/www.elche.es\/va\/wp-json\/wp\/v2\/media?parent=65659"}],"wp:term":[{"taxonomy":"category","embeddable":true,"href":"https:\/\/www.elche.es\/va\/wp-json\/wp\/v2\/categories?post=65659"},{"taxonomy":"post_tag","embeddable":true,"href":"https:\/\/www.elche.es\/va\/wp-json\/wp\/v2\/tags?post=65659"}],"curies":[{"name":"wp","href":"https:\/\/api.w.org\/{rel}","templated":true}]}}