{"id":66623,"date":"2018-07-26T13:18:27","date_gmt":"2018-07-26T12:18:27","guid":{"rendered":"http:\/\/www.elche.es\/va\/?p=66623"},"modified":"2018-07-27T10:11:44","modified_gmt":"2018-07-27T09:11:44","slug":"agenda-cultural-del-cap-de-setmana-del-27-al-29-de-juliol","status":"publish","type":"post","link":"https:\/\/www.elche.es\/va\/2018\/07\/agenda-cultural-del-cap-de-setmana-del-27-al-29-de-juliol\/","title":{"rendered":"Agenda cultural del cap de setmana: del 27 al 29 de juliol"},"content":{"rendered":"<blockquote><p>L&#8217;agenda cultural d&#8217;aquesta setmana destaca per la inauguraci\u00f3 del Festival Internacional de Teatre d&#8217;Elx, que es desenvolupa a l&#8217;Escorxador, al Gran Teatre, als Odeon i a la pla\u00e7a de Santa Isabel, del 28 de juliol al 5 d&#8217;agost.<\/p><\/blockquote>\n<p>Del 16 al 31 de juliol\u00a0a L\u2019Escorxador s&#8217;est\u00e0 realitzant un taller de microteatre impartit per Ram\u00f3n Perera (Sevilla), al qual s&#8217;han inscrit, mitjan\u00e7ant convocat\u00f2ria i de forma gratu\u00efta, 39 actors i actrius de la prov\u00edncia, tant professionals com <em>amateurs<\/em>.<\/p>\n<p>Del 25 de juliol al 5 d&#8217;agost, hi ha, a la sala d&#8217;exposicions de L\u2019Escorxador, una mostra fotogr\u00e0fica que reuneix el treball de l&#8217;artista Laila White juntament a algunes instant\u00e0nies que s\u00f3n el resultat d&#8217;un taller realitzat en Dansa Mobile i coordinat per Javier De la Calle.<\/p>\n<p>Dissabte 28 de juliol, la sala B dels cinemes Odeon acollir\u00e0 a les 20 hores la projecci\u00f3 del documental <em>Que nadie duerma<\/em>, de Mateo Cabeza. Hi haur\u00e0 tamb\u00e9 un col\u00b7loqui.<\/p>\n<p><em>Que nadie duerma<\/em> \u00e9s el resultat d&#8217;un seguiment immersiu en la companyia Dansa Mobile durant la construcci\u00f3 d&#8217;una de les seues obres, en aquest cas l&#8217;obra <em>En vano<\/em>. \u00c9s un projecte de dos anys de durada on han pogut conviure i con\u00e9ixer el treball que es duu a terme dins del centre Dansa Mobile, una entitat que treballa per al desenvolupament integral de les persones amb discapacitat a trav\u00e9s dels diferents vessants de l&#8217;art. Durant aquests dos anys, han pogut comprendre quatre de les majors qualitats observades: humanitat, professionalitat, respecte i creaci\u00f3.\u00a0 Aquest \u00e9s un dels grans punts que sorprenen la majoria de la societat: la forma en com es relacionen entre ells.<\/p>\n<p>Diumenge 29 de juliol, el Gran Teatre acull l&#8217;obra &#8216;En vano&#8217; de Dansa Mobile i Incube Teatre.<\/p>\n<p>A m\u00e9s, el Centre Cultural L&#8217;Escorxador d&#8217;Elx acull la segona edici\u00f3 del festival de <em>heavy metal<\/em> DEPLOY METAL FEST, un esdeveniment que reuneix els apassionats del g\u00e8nere en una nit repleta d&#8217;actuacions de bandes de <em>death metal<\/em>, <em>doom metal<\/em> i <em>heavy metal<\/em> (Cain\u2019s Dinasty, Moorland Fog i Baloth). A m\u00e9s, aquest\u00e0 edici\u00f3 comptar\u00e0 amb la reuni\u00f3 i el 25 aniversari d&#8217;una de les bandes m\u00edtiques d&#8217;Elx, Eternal Cry. L&#8217;esdeveniment comen\u00e7ar\u00e0 dissabte 28, a les 21 hores, i l&#8217;entrada \u00e9s lliure limitada a l&#8217;aforament.<\/p>\n<p>Torrellano Alt acollir\u00e0 al CEIP Antonio Machado divendres 27 de juliol, a les 12 hores, l&#8217;espectacle de teatre Infantil <em>La nena crea<\/em>.<\/p>\n<p>En els Arenals del Sol, el 28 de juliol, a les 22 hores, hi haur\u00e0 un concert de la Coral Il\u00b7licitana.<\/p>\n<p>I la Baia, el 27 de juliol, a les 21.30 hores, acollir\u00e0 l&#8217;actuaci\u00f3 de teatre <em>La pareja perfecta<\/em>, de Garbancita produccions.<\/p>\n","protected":false},"excerpt":{"rendered":"<p>L&#8217;agenda cultural d&#8217;aquesta setmana destaca per la inauguraci\u00f3 del Festival Internacional de Teatre d&#8217;Elx, que es desenvolupa a l&#8217;Escorxador, al Gran Teatre, als Odeon i a la pla\u00e7a de Santa [&hellip;]<\/p>\n","protected":false},"author":15,"featured_media":66621,"comment_status":"closed","ping_status":"closed","sticky":false,"template":"","format":"standard","meta":{"footnotes":""},"categories":[193],"tags":[],"class_list":["post-66623","post","type-post","status-publish","format-standard","has-post-thumbnail","hentry","category-cultura-va"],"_links":{"self":[{"href":"https:\/\/www.elche.es\/va\/wp-json\/wp\/v2\/posts\/66623","targetHints":{"allow":["GET"]}}],"collection":[{"href":"https:\/\/www.elche.es\/va\/wp-json\/wp\/v2\/posts"}],"about":[{"href":"https:\/\/www.elche.es\/va\/wp-json\/wp\/v2\/types\/post"}],"author":[{"embeddable":true,"href":"https:\/\/www.elche.es\/va\/wp-json\/wp\/v2\/users\/15"}],"replies":[{"embeddable":true,"href":"https:\/\/www.elche.es\/va\/wp-json\/wp\/v2\/comments?post=66623"}],"version-history":[{"count":0,"href":"https:\/\/www.elche.es\/va\/wp-json\/wp\/v2\/posts\/66623\/revisions"}],"wp:featuredmedia":[{"embeddable":true,"href":"https:\/\/www.elche.es\/va\/wp-json\/wp\/v2\/media\/66621"}],"wp:attachment":[{"href":"https:\/\/www.elche.es\/va\/wp-json\/wp\/v2\/media?parent=66623"}],"wp:term":[{"taxonomy":"category","embeddable":true,"href":"https:\/\/www.elche.es\/va\/wp-json\/wp\/v2\/categories?post=66623"},{"taxonomy":"post_tag","embeddable":true,"href":"https:\/\/www.elche.es\/va\/wp-json\/wp\/v2\/tags?post=66623"}],"curies":[{"name":"wp","href":"https:\/\/api.w.org\/{rel}","templated":true}]}}