{"id":67094,"date":"2018-08-01T12:18:55","date_gmt":"2018-08-01T11:18:55","guid":{"rendered":"http:\/\/www.elche.es\/va\/?p=67094"},"modified":"2018-08-01T12:23:27","modified_gmt":"2018-08-01T11:23:27","slug":"un-video-per-a-explicar-com-impacta-en-el-medi-ambient-les-tovalloletes-humides-que-es-llancen-al-wc","status":"publish","type":"post","link":"https:\/\/www.elche.es\/va\/2018\/08\/un-video-per-a-explicar-com-impacta-en-el-medi-ambient-les-tovalloletes-humides-que-es-llancen-al-wc\/","title":{"rendered":"Un v\u00eddeo per a explicar com impacten en el medi ambient les tovalloletes humides que es llancen al WC"},"content":{"rendered":"<blockquote><p>L&#8217;Ajuntament i l&#8217;empresa mixta Aig\u00fces d\u2019Elx presenten la segona part d&#8217;una campanya que pretenen combatre aquest mal h\u00e0bit que suposa la despesa anual d&#8217;un mili\u00f3 d&#8217;euros a les arques municipals en desembussos<\/p><\/blockquote>\n<p><strong>\u00a0<\/strong><\/p>\n<p>Un v\u00eddeo disruptiu per a conscienciar la ciutadania sobre la import\u00e0ncia de no llan\u00e7ar tovalloletes al WC. Aquesta \u00e9s la segona part de la campanya llan\u00e7ada per l&#8217;empresa mixta Aig\u00fces d\u2019Elx i l&#8217;Ajuntament d&#8217;Elx i que t\u00e9 com a objectiu conscienciar la ciutadania per a corregir un comportament que incideix en la cura del clavegueram municipal i del Medi Ambient.<\/p>\n<p>\u201c\u00c9s una campanya provocadora que pret\u00e9n conscienciar. Mai podrem pal\u00b7liar certs problemes mediambientals sin\u00f3 corregim els nostres comportaments. \u00c9s un problema de tots\u201d, ha explicat l&#8217;alcalde de la ciutat, Carlos Gonz\u00e1lez.<\/p>\n<p>Segons ha exposat el primer regidor, a l&#8217;any, es llancen 500 tones de tovalloletes, o altres productes, que les depuradores no s\u00f3n capaces de desfer i que suposa la despesa de quasi un mili\u00f3 d&#8217;euros a les arques municipals en desembussos.<\/p>\n<p>La campanya va comen\u00e7ar el 5 de juny, que coincideix amb el Dia del Medi Ambient, i durant aquest temps s&#8217;ha dif\u00f3s per diferents places p\u00fabliques dels barris cartells i un cub transparent amb un metre c\u00fabic de toallitas per a visualitzar el problema mediambiental.<\/p>\n<p>En els cartells de la campanya s&#8217;explica la difer\u00e8ncia entre el paper higi\u00e8nic i les tovalloletes humides. Mentre el primer es desf\u00e0 en l&#8217;aigua i no genera problemes; les segones, per molt que en l&#8217;env\u00e0s pose que s\u00f3n d&#8217;un sol \u00fas, embossen les depuradores i suposen un problema per al clavegueram.<\/p>\n<p>Javier Prieto, gerent d&#8217;Aig\u00fces d\u2019Elx, ha assenyalat que la campanya pret\u00e9n tindre una part educativa per a conscienciar la ciutadania sobre que no es pot usar el WC com a paperera.<\/p>\n<p>Per la seua part, Anonio Garc\u00eda, regidor de Medi Ambient, ha explicat que s&#8217;ha volgut jugar tamb\u00e9 amb la campanya d&#8217;Elx Capital Verda Europea 2030. \u201cEn la campanya hem posat Elx 2130 per a conscienciar de la import\u00e0ncia que t\u00e9 eradicar aquest problema  durant la d\u00e8cada vinent, ja que podria perjudicar la candidatura d&#8217;Elx\u201d, ha assenyalat el regidor de Medi Ambient.<\/p>\n<p>Garc\u00eda ha assenyalat que aquest fet ha volgut provocar i que ha volgut captar l&#8217;atenci\u00f3 dels ciutadans. \u201cHem rebut molts missatges per dir-nos si ens hav\u00edem equivocat amb el n\u00famero o si era una campanya de l&#8217;oposici\u00f3\u201d, ha explicat Antonio Garc\u00eda.<\/p>\n<p>El v\u00eddeo pot visualitzar-se a trav\u00e9s del seg\u00fcent enlla\u00e7: <a href=\"https:\/\/www.youtube.com\/watch?v=jgiy3ekvtiw\">https:\/\/www.youtube.com\/watch?v=jgiy3ekvtiw<\/a><\/p>\n<p>&nbsp;<\/p>\n","protected":false},"excerpt":{"rendered":"<p>L&#8217;Ajuntament i l&#8217;empresa mixta Aig\u00fces d\u2019Elx presenten la segona part d&#8217;una campanya que pretenen combatre aquest mal h\u00e0bit que suposa la despesa anual d&#8217;un mili\u00f3 d&#8217;euros a les arques municipals [&hellip;]<\/p>\n","protected":false},"author":15,"featured_media":67075,"comment_status":"closed","ping_status":"closed","sticky":false,"template":"","format":"standard","meta":{"footnotes":""},"categories":[211],"tags":[],"class_list":["post-67094","post","type-post","status-publish","format-standard","has-post-thumbnail","hentry","category-medi-ambient-va"],"_links":{"self":[{"href":"https:\/\/www.elche.es\/va\/wp-json\/wp\/v2\/posts\/67094","targetHints":{"allow":["GET"]}}],"collection":[{"href":"https:\/\/www.elche.es\/va\/wp-json\/wp\/v2\/posts"}],"about":[{"href":"https:\/\/www.elche.es\/va\/wp-json\/wp\/v2\/types\/post"}],"author":[{"embeddable":true,"href":"https:\/\/www.elche.es\/va\/wp-json\/wp\/v2\/users\/15"}],"replies":[{"embeddable":true,"href":"https:\/\/www.elche.es\/va\/wp-json\/wp\/v2\/comments?post=67094"}],"version-history":[{"count":0,"href":"https:\/\/www.elche.es\/va\/wp-json\/wp\/v2\/posts\/67094\/revisions"}],"wp:featuredmedia":[{"embeddable":true,"href":"https:\/\/www.elche.es\/va\/wp-json\/wp\/v2\/media\/67075"}],"wp:attachment":[{"href":"https:\/\/www.elche.es\/va\/wp-json\/wp\/v2\/media?parent=67094"}],"wp:term":[{"taxonomy":"category","embeddable":true,"href":"https:\/\/www.elche.es\/va\/wp-json\/wp\/v2\/categories?post=67094"},{"taxonomy":"post_tag","embeddable":true,"href":"https:\/\/www.elche.es\/va\/wp-json\/wp\/v2\/tags?post=67094"}],"curies":[{"name":"wp","href":"https:\/\/api.w.org\/{rel}","templated":true}]}}