{"id":67908,"date":"2018-08-16T08:42:39","date_gmt":"2018-08-16T07:42:39","guid":{"rendered":"http:\/\/www.elche.es\/va\/?p=67908"},"modified":"2018-08-16T08:43:15","modified_gmt":"2018-08-16T07:43:15","slug":"lalcalde-delx-realitza-un-primer-balanc-de-les-festes","status":"publish","type":"post","link":"https:\/\/www.elche.es\/va\/2018\/08\/lalcalde-delx-realitza-un-primer-balanc-de-les-festes\/","title":{"rendered":"L&#8217;alcalde d&#8217;Elx realitza un primer balan\u00e7 de les festes"},"content":{"rendered":"<blockquote><p>Carlos Gonz\u00e1lez: \u201cHem assistit a les festes m\u00e9s multitudin\u00e0ries, segures i espectaculars de l&#8217;\u00faltima d\u00e8cada\u201d<\/p>\n<p>L&#8217;alcalde assegura que les festes no sols han sigut un esdeveniment l\u00fadic i de conviv\u00e8ncia, sin\u00f3 que tamb\u00e9 han suposat un gran est\u00edmul econ\u00f2mic i per a l&#8217;ocupaci\u00f3 en la ciutat<\/p><\/blockquote>\n<p>&nbsp;<\/p>\n<p>L&#8217;alcalde,\u00a0<span class=\"hiddenSpellError\">Carlos<\/span>\u00a0Gonz\u00e1lez, ha realitzat un primer balan\u00e7\u00a0<span class=\"hiddenGrammarError\">del que<\/span>\u00a0han sigut les Festes d&#8217;Agost 2018. Gonz\u00e1lez ha assegurat que &#8220;hem assistit a les festes m\u00e9s multitudin\u00e0ries, segures i espectaculars de l&#8217;\u00faltima d\u00e8cada&#8221;.<\/p>\n<p>Segons el primer edil aquestes festes patronals s&#8217;han caracteritzat per l&#8217;espectacularitat dels diferents esdeveniments i per la massiva aflu\u00e8ncia de p\u00fablic a cadascun d&#8217;ells.<\/p>\n<p>&#8220;S&#8217;ha apreciat, a m\u00e9s, la pres\u00e8ncia de ciutadans d&#8217;altres pa\u00efsos i tamb\u00e9 de ve\u00efns de municipis propers que han volgut acompanyar-nos. \u00c9s molt destacable tamb\u00e9 la normalitat que ha imperat des del punt de vista de la seguretat ciutadana. Han sigut, sense cap dubte, unes festes segures en les quals no hi ha hagut cap incident de rellev\u00e0ncia&#8221;, ha dit Gonz\u00e1lez, que ha afegit que &#8220;han sigut tamb\u00e9 unes festes innovadores perqu\u00e8 hem incorporat elements nous com la\u00a0<span class=\"hiddenGreenError\">masclet\u00e0<\/span>\u00a0vertical o el piromusical que han aportat major brillantor als festejos i que han tingut una enorme acceptaci\u00f3 per part dels il\u00b7licitans i il\u00b7licitanes&#8221;.<\/p>\n<p>L&#8217;alcalde tamb\u00e9 ha volgut &#8220;felicitar a tots aquells que han fet possible aquestes festes, des dels ens festers fins als cossos de seguretat, per la seua entrega i dedicaci\u00f3. Per descomptat, als il\u00b7licitans i il\u00b7licitanes que han tingut un comportament excepcional gaudint al m\u00e0xim de les festes de forma responsable. I no vull oblidar-me dels operaris municipals ni dels treballadors del servei de neteja per l&#8217;enorme esfor\u00e7 realitzat aquests dies&#8221;.<\/p>\n<p><span class=\"hiddenSpellError\">Carlos<\/span>\u00a0Gonz\u00e1lez ha fet refer\u00e8ncia a l&#8217;aflu\u00e8ncia extraordin\u00e0ria de p\u00fablic als diferents actes i a la participaci\u00f3 de la ciutadania\u00a0en aquests, per\u00f2 tamb\u00e9 a &#8220;la massiva pres\u00e8ncia de gent en carrers i places del centre hist\u00f2ric i comercial. Calculem que hauran pogut ser m\u00e9s de 400.000 les persones que han viscut les festes d&#8217;Elx durant aquesta setmana. Per tant, les festes no solament han sigut un esdeveniment l\u00fadic i de conviv\u00e8ncia sin\u00f3 que tamb\u00e9 han sigut un gran est\u00edmul econ\u00f2mic i per a l&#8217;ocupaci\u00f3 en la ciutat, per tant, el balan\u00e7 \u00e9s necess\u00e0riament satisfactori i positiu&#8221;.<\/p>\n","protected":false},"excerpt":{"rendered":"<p>Carlos Gonz\u00e1lez: \u201cHem assistit a les festes m\u00e9s multitudin\u00e0ries, segures i espectaculars de l&#8217;\u00faltima d\u00e8cada\u201d L&#8217;alcalde assegura que les festes no sols han sigut un esdeveniment l\u00fadic i de conviv\u00e8ncia, [&hellip;]<\/p>\n","protected":false},"author":15,"featured_media":67352,"comment_status":"closed","ping_status":"closed","sticky":false,"template":"","format":"standard","meta":{"footnotes":""},"categories":[161,191,391],"tags":[],"class_list":["post-67908","post","type-post","status-publish","format-standard","has-post-thumbnail","hentry","category-ajuntament","category-festes-va","category-home-va"],"_links":{"self":[{"href":"https:\/\/www.elche.es\/va\/wp-json\/wp\/v2\/posts\/67908","targetHints":{"allow":["GET"]}}],"collection":[{"href":"https:\/\/www.elche.es\/va\/wp-json\/wp\/v2\/posts"}],"about":[{"href":"https:\/\/www.elche.es\/va\/wp-json\/wp\/v2\/types\/post"}],"author":[{"embeddable":true,"href":"https:\/\/www.elche.es\/va\/wp-json\/wp\/v2\/users\/15"}],"replies":[{"embeddable":true,"href":"https:\/\/www.elche.es\/va\/wp-json\/wp\/v2\/comments?post=67908"}],"version-history":[{"count":0,"href":"https:\/\/www.elche.es\/va\/wp-json\/wp\/v2\/posts\/67908\/revisions"}],"wp:featuredmedia":[{"embeddable":true,"href":"https:\/\/www.elche.es\/va\/wp-json\/wp\/v2\/media\/67352"}],"wp:attachment":[{"href":"https:\/\/www.elche.es\/va\/wp-json\/wp\/v2\/media?parent=67908"}],"wp:term":[{"taxonomy":"category","embeddable":true,"href":"https:\/\/www.elche.es\/va\/wp-json\/wp\/v2\/categories?post=67908"},{"taxonomy":"post_tag","embeddable":true,"href":"https:\/\/www.elche.es\/va\/wp-json\/wp\/v2\/tags?post=67908"}],"curies":[{"name":"wp","href":"https:\/\/api.w.org\/{rel}","templated":true}]}}