{"id":68383,"date":"2018-08-29T07:27:40","date_gmt":"2018-08-29T06:27:40","guid":{"rendered":"http:\/\/www.elche.es\/va\/?p=68383"},"modified":"2018-08-29T07:27:40","modified_gmt":"2018-08-29T06:27:40","slug":"la-regidoria-dhisenda-agilita-la-tramitacio-de-les-ajudes-per-al-pagament-de-libi","status":"publish","type":"post","link":"https:\/\/www.elche.es\/va\/2018\/08\/la-regidoria-dhisenda-agilita-la-tramitacio-de-les-ajudes-per-al-pagament-de-libi\/","title":{"rendered":"La regidoria d&#8217;Hisenda agilita la tramitaci\u00f3 de les ajudes per al pagament de l&#8217;IBI"},"content":{"rendered":"<blockquote><p>En el present exercici s&#8217;han presentat 6.300 sol\u00b7licituds, el doble que l&#8217;any passat<\/p><\/blockquote>\n<p>La regidora d&#8217;Hisenda,\u00a0<span class=\"hiddenSpellError\">Ana<\/span>\u00a0<span class=\"hiddenSpellError\">Arabid<\/span>, ha explicat que durant el present mes d&#8217;agost s&#8217;est\u00e0 treballant intensament en la tramitaci\u00f3 de les 6.300 sol\u00b7licituds d&#8217;ajudes al pagament de l&#8217;IBI amb la finalitat que la majoria puguen ser abonades amb anterioritat\u00a0a la finalitzaci\u00f3\u00a0del per\u00edode de pagament d&#8217;aquest impost.\u00a0<span class=\"hiddenSpellError\">Arabid<\/span>\u00a0ha destacat que enguany s&#8217;han duplicat les sol\u00b7licituds d&#8217;aquestes ajudes.<\/p>\n<p>\u201cEns trobem en ple per\u00edode de pagament d&#8217;IBI, el termini del qual conclou el 5 d&#8217;octubre. Enguany s&#8217;han posat al cobrament 192.130 rebuts d&#8217;IBI de naturalesa urbana i 9.476 rebuts d&#8217;IBI r\u00fastic. L&#8217;import total del padr\u00f3 \u00e9s de 56 milions d&#8217;euros en l&#8217;IBI urb\u00e0 i de 279.000 en el r\u00fastic\u201d, ha explicat\u00a0<span class=\"hiddenSpellError\">Arabid,<\/span>\u00a0qui ha recordat que el c\u00e0rrec dels rebuts domiciliats es dur\u00e0 a terme el 10 de setembre.<\/p>\n<p>La regidora ha destacat que \u00e9s possible fraccionar el pagament d&#8217;aquest impost tant si est\u00e0 domiciliat com si no ho est\u00e0 i, per a aix\u00f2, es pot acudir a una oficina de SUMA o a alguna\u00a0<span class=\"hiddenSpellError\">OMAC<\/span>, o b\u00e9 fer-ho a trav\u00e9s d&#8217;internet o via telef\u00f2nica. \u201cA m\u00e9s es pot dur a terme un pla de pagament personalitzat per a tots els impostos municipals de manera que amb un pagament mensual es va abonant a poc a poc l&#8217;import total. Es tracta de facilitar a la ciutadania el compliment de les obligacions fiscals\u201d, ha afegit.<\/p>\n<p>&nbsp;<\/p>\n","protected":false},"excerpt":{"rendered":"<p>En el present exercici s&#8217;han presentat 6.300 sol\u00b7licituds, el doble que l&#8217;any passat La regidora d&#8217;Hisenda,\u00a0Ana\u00a0Arabid, ha explicat que durant el present mes d&#8217;agost s&#8217;est\u00e0 treballant intensament en la tramitaci\u00f3 [&hellip;]<\/p>\n","protected":false},"author":15,"featured_media":68380,"comment_status":"closed","ping_status":"closed","sticky":false,"template":"","format":"standard","meta":{"footnotes":""},"categories":[488,391,205],"tags":[],"class_list":["post-68383","post","type-post","status-publish","format-standard","has-post-thumbnail","hentry","category-hisenda","category-home-va","category-omac-2-va"],"_links":{"self":[{"href":"https:\/\/www.elche.es\/va\/wp-json\/wp\/v2\/posts\/68383","targetHints":{"allow":["GET"]}}],"collection":[{"href":"https:\/\/www.elche.es\/va\/wp-json\/wp\/v2\/posts"}],"about":[{"href":"https:\/\/www.elche.es\/va\/wp-json\/wp\/v2\/types\/post"}],"author":[{"embeddable":true,"href":"https:\/\/www.elche.es\/va\/wp-json\/wp\/v2\/users\/15"}],"replies":[{"embeddable":true,"href":"https:\/\/www.elche.es\/va\/wp-json\/wp\/v2\/comments?post=68383"}],"version-history":[{"count":0,"href":"https:\/\/www.elche.es\/va\/wp-json\/wp\/v2\/posts\/68383\/revisions"}],"wp:featuredmedia":[{"embeddable":true,"href":"https:\/\/www.elche.es\/va\/wp-json\/wp\/v2\/media\/68380"}],"wp:attachment":[{"href":"https:\/\/www.elche.es\/va\/wp-json\/wp\/v2\/media?parent=68383"}],"wp:term":[{"taxonomy":"category","embeddable":true,"href":"https:\/\/www.elche.es\/va\/wp-json\/wp\/v2\/categories?post=68383"},{"taxonomy":"post_tag","embeddable":true,"href":"https:\/\/www.elche.es\/va\/wp-json\/wp\/v2\/tags?post=68383"}],"curies":[{"name":"wp","href":"https:\/\/api.w.org\/{rel}","templated":true}]}}