{"id":68548,"date":"2018-08-30T12:36:44","date_gmt":"2018-08-30T11:36:44","guid":{"rendered":"http:\/\/www.elche.es\/va\/?p=68548"},"modified":"2018-08-30T12:36:44","modified_gmt":"2018-08-30T11:36:44","slug":"lajuntament-inverteix-prop-de-700-000-euros-en-dos-anys-en-actuacions-de-parcs-i-jardins","status":"publish","type":"post","link":"https:\/\/www.elche.es\/va\/2018\/08\/lajuntament-inverteix-prop-de-700-000-euros-en-dos-anys-en-actuacions-de-parcs-i-jardins\/","title":{"rendered":"L&#8217;Ajuntament inverteix prop de 700.000 euros en dos anys en actuacions de parcs i jardins"},"content":{"rendered":"<blockquote><p>L&#8217;Ajuntament d&#8217;Elx ha invertit prop de 700.000 euros en dos anys en actuacions de parcs i jardins que s&#8217;han realitzat l&#8217;any passat i que es duran a terme durant aquest. Aix\u00ed ho han explicat\u00a0el regidor de Parcs i Jardins, Antonio\u00a0<span class=\"hiddenSpellError\">Garc\u00eda<\/span>, i el regidor de Participaci\u00f3, Felip S\u00e0nchez.<\/p>\n<p>&nbsp;<\/p><\/blockquote>\n<p>Segons ha assenyalat S\u00e0nchez, moltes de les actuacions que s&#8217;han realitzat han sigut gr\u00e0cies als Pressupostos Participatius, en els quals la ciutadania ha pogut presentar les seues propostes per a la realitzaci\u00f3 d&#8217;aquestes zones.<\/p>\n<p>\u201cDes que arrib\u00e0rem a l&#8217;equip de govern hem mantingut reunions amb les diferents associacions ve\u00efnals per a saber les mancances que tenia la ciutat, sobretot en mat\u00e8ria de parcs i jardins\u201d, ha expressat Felip S\u00e0nchez.<\/p>\n<p>Segons ha assenyalat,\u00a0on s&#8217;han fet moltes d&#8217;elles es troben en les zones m\u00e9s noves de la ciutat, \u00e0rees que s&#8217;estan expandint.<\/p>\n<p>En total, s&#8217;han dut a terme 22 actuacions en 2017; i 31 que s&#8217;han fet o que es faran durant el present any.<\/p>\n<p>Aquestes actuacions s\u00f3n, concretament, parcs per a gossos, jocs calist\u00e8nics, jocs biosaludables, jocs infantils o reparaci\u00f3 del s\u00f2l dels jocs.<\/p>\n<p>\u201cHem exposat les grans actuacions que s&#8217;han dut a terme, per\u00f2 des de la regidoria tamb\u00e9 duem a terme un treball diari per a mantindre&#8217;ls, que, al cap i a la fi, \u00e9s el que permet que la ciutadania gaudisca de les instal\u00b7lacions\u201d, ha assenyalat el regidor de Parcs i Jardins, Antonio Garc\u00eda.<\/p>\n","protected":false},"excerpt":{"rendered":"<p>L&#8217;Ajuntament d&#8217;Elx ha invertit prop de 700.000 euros en dos anys en actuacions de parcs i jardins que s&#8217;han realitzat l&#8217;any passat i que es duran a terme durant aquest. [&hellip;]<\/p>\n","protected":false},"author":15,"featured_media":68537,"comment_status":"closed","ping_status":"closed","sticky":false,"template":"","format":"standard","meta":{"footnotes":""},"categories":[391,211,208,2235],"tags":[],"class_list":["post-68548","post","type-post","status-publish","format-standard","has-post-thumbnail","hentry","category-home-va","category-medi-ambient-va","category-participacio-ciutadana-va","category-pedania"],"_links":{"self":[{"href":"https:\/\/www.elche.es\/va\/wp-json\/wp\/v2\/posts\/68548","targetHints":{"allow":["GET"]}}],"collection":[{"href":"https:\/\/www.elche.es\/va\/wp-json\/wp\/v2\/posts"}],"about":[{"href":"https:\/\/www.elche.es\/va\/wp-json\/wp\/v2\/types\/post"}],"author":[{"embeddable":true,"href":"https:\/\/www.elche.es\/va\/wp-json\/wp\/v2\/users\/15"}],"replies":[{"embeddable":true,"href":"https:\/\/www.elche.es\/va\/wp-json\/wp\/v2\/comments?post=68548"}],"version-history":[{"count":0,"href":"https:\/\/www.elche.es\/va\/wp-json\/wp\/v2\/posts\/68548\/revisions"}],"wp:featuredmedia":[{"embeddable":true,"href":"https:\/\/www.elche.es\/va\/wp-json\/wp\/v2\/media\/68537"}],"wp:attachment":[{"href":"https:\/\/www.elche.es\/va\/wp-json\/wp\/v2\/media?parent=68548"}],"wp:term":[{"taxonomy":"category","embeddable":true,"href":"https:\/\/www.elche.es\/va\/wp-json\/wp\/v2\/categories?post=68548"},{"taxonomy":"post_tag","embeddable":true,"href":"https:\/\/www.elche.es\/va\/wp-json\/wp\/v2\/tags?post=68548"}],"curies":[{"name":"wp","href":"https:\/\/api.w.org\/{rel}","templated":true}]}}