{"id":68916,"date":"2018-09-07T08:04:51","date_gmt":"2018-09-07T07:04:51","guid":{"rendered":"http:\/\/www.elche.es\/va\/?p=68916"},"modified":"2018-09-07T08:06:06","modified_gmt":"2018-09-07T07:06:06","slug":"inauguracio-de-lexposicio-col%c2%b7lectiva-il%c2%b7lusio-i-esperanca-2","status":"publish","type":"post","link":"https:\/\/www.elche.es\/va\/2018\/09\/inauguracio-de-lexposicio-col%c2%b7lectiva-il%c2%b7lusio-i-esperanca-2\/","title":{"rendered":"Inauguraci\u00f3 de l&#8217;exposici\u00f3 col\u00b7lectiva \u201cIl\u00b7lusi\u00f3 i Esperan\u00e7a\u201d"},"content":{"rendered":"<p>L&#8217;alcalde, Carlos Gonz\u00e1lez, juntament amb la regidora d&#8217;Igualtat, Teresa Maci\u00e0, han assistit a la inauguraci\u00f3 de l&#8217;exposici\u00f3 col\u00b7lectiva \u201cIl\u00b7lusi\u00f3 i Esperan\u00e7a\u201d, organitzada per l&#8217;Associaci\u00f3 Espanyola Contra el C\u00e0ncer (AECC).<\/p>\n<p>El taller de pintura d&#8217;AECC d&#8217;Elx comen\u00e7\u00e0 fa ja sis anys dedicat a malalts oncol\u00f2gics i familiars i dirigit per la pintora i professora de pintura In\u00e9s Serna Orts.<\/p>\n<p>El projecte t\u00e9 objectius terap\u00e8utics, pedag\u00f2gics i l\u00fadics i ajuden als malalts i familiars a evadir-se amb la pintura.<\/p>\n<p>L&#8217;exposici\u00f3 es troba en l&#8217;\u00e0mbit cultural d&#8217;El Corte Ingl\u00e9s d&#8217;Elx.<\/p>\n<p>&nbsp;<\/p>\n","protected":false},"excerpt":{"rendered":"<p>L&#8217;alcalde, Carlos Gonz\u00e1lez, juntament amb la regidora d&#8217;Igualtat, Teresa Maci\u00e0, han assistit a la inauguraci\u00f3 de l&#8217;exposici\u00f3 col\u00b7lectiva \u201cIl\u00b7lusi\u00f3 i Esperan\u00e7a\u201d, organitzada per l&#8217;Associaci\u00f3 Espanyola Contra el C\u00e0ncer (AECC). El [&hellip;]<\/p>\n","protected":false},"author":15,"featured_media":68907,"comment_status":"closed","ping_status":"closed","sticky":false,"template":"","format":"standard","meta":{"footnotes":""},"categories":[161,190,209],"tags":[],"class_list":["post-68916","post","type-post","status-publish","format-standard","has-post-thumbnail","hentry","category-ajuntament","category-drets-socials","category-igualtat-va"],"_links":{"self":[{"href":"https:\/\/www.elche.es\/va\/wp-json\/wp\/v2\/posts\/68916","targetHints":{"allow":["GET"]}}],"collection":[{"href":"https:\/\/www.elche.es\/va\/wp-json\/wp\/v2\/posts"}],"about":[{"href":"https:\/\/www.elche.es\/va\/wp-json\/wp\/v2\/types\/post"}],"author":[{"embeddable":true,"href":"https:\/\/www.elche.es\/va\/wp-json\/wp\/v2\/users\/15"}],"replies":[{"embeddable":true,"href":"https:\/\/www.elche.es\/va\/wp-json\/wp\/v2\/comments?post=68916"}],"version-history":[{"count":0,"href":"https:\/\/www.elche.es\/va\/wp-json\/wp\/v2\/posts\/68916\/revisions"}],"wp:featuredmedia":[{"embeddable":true,"href":"https:\/\/www.elche.es\/va\/wp-json\/wp\/v2\/media\/68907"}],"wp:attachment":[{"href":"https:\/\/www.elche.es\/va\/wp-json\/wp\/v2\/media?parent=68916"}],"wp:term":[{"taxonomy":"category","embeddable":true,"href":"https:\/\/www.elche.es\/va\/wp-json\/wp\/v2\/categories?post=68916"},{"taxonomy":"post_tag","embeddable":true,"href":"https:\/\/www.elche.es\/va\/wp-json\/wp\/v2\/tags?post=68916"}],"curies":[{"name":"wp","href":"https:\/\/api.w.org\/{rel}","templated":true}]}}