{"id":69277,"date":"2018-09-14T13:22:08","date_gmt":"2018-09-14T12:22:08","guid":{"rendered":"http:\/\/www.elche.es\/va\/?p=69277"},"modified":"2018-09-14T13:22:08","modified_gmt":"2018-09-14T12:22:08","slug":"lequip-de-govern-espera-reduir-el-deute-de-lajuntament-fins-a-017-a-finals-del-2019","status":"publish","type":"post","link":"https:\/\/www.elche.es\/va\/2018\/09\/lequip-de-govern-espera-reduir-el-deute-de-lajuntament-fins-a-017-a-finals-del-2019\/","title":{"rendered":"L&#8217;equip de govern espera reduir el deute de l&#8217;Ajuntament fins a 0,17% a finals del 2019"},"content":{"rendered":"<blockquote><p>La Junta de Govern Local aprova les l\u00ednies fonamentals del pressupost del 2019 en el qual s&#8217;aposta per continuar garantint els serveis p\u00fablics<\/p><\/blockquote>\n<p>La Junta de Govern Local celebrada aquest divendres, dia 14, ha aprovat les l\u00ednies fonamentals del pressupost de 2019, un tr\u00e0mit necessari per a avan\u00e7ar en la negociaci\u00f3 per a traure-lo endavant.<\/p>\n<p>Aix\u00ed ho ha explicat el portaveu adjunt, H\u00e9ctor D\u00edez, qui ha afegit que es preveuen uns ingressos totals de 187.653. 430 i unes despeses totals de 184.332.430 euros, una xifra que no pot ser major per a complir amb l&#8217;obligat sostre de despesa.<\/p>\n<p>El regidor ha destacat que el r\u00e0tio d&#8217;endeutament continua baixant.<\/p>\n<p>\u201cEn aquesta legislatura hem fet un esfor\u00e7 molt important per recuperar els serveis p\u00fablics al mateix temps que es feia una gesti\u00f3 eficient del pressupost i s&#8217;aconseguia reduir el deute. El projecte de pressupost que hem elaborat comporta que, a la fi de desembre del 2019, l&#8217;Ajuntament d&#8217;Elx comptaria amb un deute de 31.817.000 euros, \u00e9s a dir, un r\u00e0tio d&#8217;endeutament del 0,17%\u201d, ha indicat el portaveu adjunt qui ha recordat que \u201cenguany ho acabarem en el 0,25 i vull destacar que quan vam accedir al govern municipal l&#8217;endeutament de l&#8217;Ajuntament era del 0,74%\u201d.<\/p>\n<p>DEBAT DE L&#8217;ESTAT DEL MUNICIPI<\/p>\n<p>D&#8217;altra banda, D\u00edez ha anunciat que els dies 15 i 16 d&#8217;octubre se celebrar\u00e0 el Debat de l&#8217;estat del Municipi que, en aquesta ocasi\u00f3, es dur\u00e0 a terme en el Centre Social Francesc Cant\u00f3 de Carr\u00fas.<\/p>\n<p>\u201cCom saben, aquest equip de govern va recuperar el Debat de l&#8217;Estat del Municipi amb la participaci\u00f3 d&#8217;entitats i associacions d&#8217;Elx com una eina m\u00e9s per a afavorir la participaci\u00f3 ciutadana i la transpar\u00e8ncia. L&#8217;any passat va ser a Torrellano, i enguany tindr\u00e0 lloc a Carr\u00fas, el dia 15, a partir de les 16.30 hores, amb la intervenci\u00f3 d&#8217;entitats i col\u00b7lectius; i el dia 16, al mat\u00ed, amb la participaci\u00f3 dels grups pol\u00edtics.<\/p>\n<p>NOVES LLIC\u00c8NCIES D&#8217;OBRA<\/p>\n<p>D&#8217;altra banda, la Junta de Govern ha donat llum verda a 16 llic\u00e8ncies d&#8217;obra. Entre aquestes, destaca la demolici\u00f3 d&#8217;una nau en l&#8217;avinguda d&#8217;Alacant, 118 per a la creaci\u00f3 d&#8217;un supermercat Lidl, aix\u00ed com dues obres considerables, una per a la creaci\u00f3 d&#8217;un edifici de 38 habitatges en l&#8217;avinguda de Traval\u00f3 i una altra per a la creaci\u00f3 de 28 habitatges al carrer Tonico Sansano.<\/p>\n<p>\u201cAquestes actuacions indiquen que l&#8217;activitat econ\u00f2mica s&#8217;est\u00e0 recuperant quan es refereix a la construcci\u00f3\u201d, ha assenyalat D\u00edez.<\/p>\n","protected":false},"excerpt":{"rendered":"<p>La Junta de Govern Local aprova les l\u00ednies fonamentals del pressupost del 2019 en el qual s&#8217;aposta per continuar garantint els serveis p\u00fablics La Junta de Govern Local celebrada aquest [&hellip;]<\/p>\n","protected":false},"author":15,"featured_media":69272,"comment_status":"closed","ping_status":"closed","sticky":false,"template":"","format":"standard","meta":{"footnotes":""},"categories":[161,391],"tags":[],"class_list":["post-69277","post","type-post","status-publish","format-standard","has-post-thumbnail","hentry","category-ajuntament","category-home-va"],"_links":{"self":[{"href":"https:\/\/www.elche.es\/va\/wp-json\/wp\/v2\/posts\/69277","targetHints":{"allow":["GET"]}}],"collection":[{"href":"https:\/\/www.elche.es\/va\/wp-json\/wp\/v2\/posts"}],"about":[{"href":"https:\/\/www.elche.es\/va\/wp-json\/wp\/v2\/types\/post"}],"author":[{"embeddable":true,"href":"https:\/\/www.elche.es\/va\/wp-json\/wp\/v2\/users\/15"}],"replies":[{"embeddable":true,"href":"https:\/\/www.elche.es\/va\/wp-json\/wp\/v2\/comments?post=69277"}],"version-history":[{"count":0,"href":"https:\/\/www.elche.es\/va\/wp-json\/wp\/v2\/posts\/69277\/revisions"}],"wp:featuredmedia":[{"embeddable":true,"href":"https:\/\/www.elche.es\/va\/wp-json\/wp\/v2\/media\/69272"}],"wp:attachment":[{"href":"https:\/\/www.elche.es\/va\/wp-json\/wp\/v2\/media?parent=69277"}],"wp:term":[{"taxonomy":"category","embeddable":true,"href":"https:\/\/www.elche.es\/va\/wp-json\/wp\/v2\/categories?post=69277"},{"taxonomy":"post_tag","embeddable":true,"href":"https:\/\/www.elche.es\/va\/wp-json\/wp\/v2\/tags?post=69277"}],"curies":[{"name":"wp","href":"https:\/\/api.w.org\/{rel}","templated":true}]}}