{"id":69944,"date":"2018-09-26T11:38:41","date_gmt":"2018-09-26T10:38:41","guid":{"rendered":"http:\/\/www.elche.es\/va\/?p=69944"},"modified":"2018-09-26T11:38:41","modified_gmt":"2018-09-26T10:38:41","slug":"torna-la-programacio-de-la-sala-cultural-la-llotja-amb-la-nit-sabinera","status":"publish","type":"post","link":"https:\/\/www.elche.es\/va\/2018\/09\/torna-la-programacio-de-la-sala-cultural-la-llotja-amb-la-nit-sabinera\/","title":{"rendered":"Torna la programaci\u00f3 de la Sala Cultural La Llotja amb la Nit Sabinera"},"content":{"rendered":"<p><strong>Agenda Elx Cultura del 24 al 30 de setembre 2018:<\/strong><\/p>\n<blockquote><p><strong>Elx Cultura repr\u00e9n la programaci\u00f3 de La Llotja amb la Nit Sabinera, continua La Mostra de Teatre en el Gran Teatre i, a m\u00e9s, filmoteca, activitats culturals, m\u00fasica en els barris i pedanies i exposicions.<\/strong><\/p><\/blockquote>\n<p>Aquesta setmana continua la XXIII Mostra de Teatre Dama d\u00b4Elx en el <strong>Gran Teatre<\/strong>. Les funcions seran a les 21.00 hores i amb entrada gratu\u00efta i taquilla invertida, de manera que, els assistents a la representaci\u00f3, una vegada celebrada aquesta, puguen depositar una donaci\u00f3 de car\u00e0cter voluntari en una urna en l&#8217;hall del Gran Teatre. La programaci\u00f3 de la Mostra per a aquesta setmana comen\u00e7a el dilluns amb <em>Alorcadas<\/em>, de Galapizarte, el dimarts, es representa <em>Los excluidos<\/em>, de la Tar\u00e0ntula, el dimecres, <em>Siete gritos en el mar<\/em>, de Teatre en Construcci\u00f3, el dijous,\u00a0<em>Los Pel\u00f3pidas<\/em>, d&#8217;Associaci\u00f3 Hist\u00f2ric Art\u00edstica Pobladors d&#8217;Elx i el divendres, <em>To er m\u00f3n pal teatre<\/em> de Taintantos Teatre. La Mostra conclou el dissabte amb un Acte de Clausura on es representar\u00e0 l&#8217;obra <em>Frida<\/em>, tra\u00e7os d&#8217;un mar interior, d&#8217;Al cub Escena, les entrades per a la clausura tenen un preu de 5 euros i estan a la venda en instanticket o en la taquilla del Gran Teatre.<\/p>\n<p>La programaci\u00f3 d&#8217;Elx Cultura prossegueix a la <strong>Sala Cultural La Llotja,<\/strong> que aquest dissabte comen\u00e7a la seua programaci\u00f3 oficial, a les 21.30, amb La nit sabinera, una nit m\u00e0gica en la qual, Pancho Varona, Mara Fangs i Antonio Garc\u00eda de Diego, m\u00fasics, compositors i artistes, fan que el p\u00fablic s&#8217;implique i que cante les can\u00e7ons de Sabina que tots ens sabem de mem\u00f2ria. Una nit per a passar-ho b\u00e9, una nit diferent, nova i molt especial, per a escoltar d&#8217;una altra manera les can\u00e7ons sabineres. Les entrades anticipades, amb un preu de 19,80 euros, es poden adquirir en Ticketea. El dia del concert es podran comprar en taquilla per 22 euros.<\/p>\n<p>Als <strong>cinemes Od\u00e8on<\/strong>, continua la filmoteca aquesta setmana, des del dimecres fins a diumenge, en l&#8217;horari habitual del cinema (17.30, 20.00 i 22.30) amb la projecci\u00f3 de <em>La dona que sabia llegir<\/em>. La pel\u00b7l\u00edcula narra com Violette est\u00e0 en edat de casar-se quan, en 1852, el seu poble \u00e9s brutalment privat de tots els seus homes despr\u00e9s de la repressi\u00f3 ordenada per Napole\u00f3 III. Les dones passen mesos en a\u00efllament total. Desesperades per veure als seus homes de nou, fan un jurament: si un home ve, ser\u00e0 per a totes. La vida ha de continuar en el ventre de totes i cadascuna d&#8217;elles. La pel\u00b7l\u00edcula tindr\u00e0 una passada especial per a acudir amb beb\u00e9s, el dijous a les 17.30, i dues passades en versi\u00f3 original subtitulada al castell\u00e0, el dijous a les 20.00 i 22.30.<\/p>\n<p>D&#8217;altra banda, aquesta setmana comen\u00e7a a la <strong>sala d&#8217;exposicions temporals del MAHE<\/strong> el cicle d&#8217;Activitats culturals &#8220;Arqueologia i societat&#8221; amb entrada gratu\u00efta. El dimarts 25, a les 18.30, tindr\u00e0 lloc la presentaci\u00f3 del llibre <em>La Dama d&#8217;Elx. On, quan i per qu\u00e8<\/em>, de Carmen Aranegui Gasc\u00f3 i el dijous 27, a les 19.45, Raimon Graells I Fabregat presenta el seu llibre <em>Cuirasses hel\u00b7len\u00edstiques decorades. Opla kala, els &#8220;Siris Bronzes&#8221;<\/em> i el seu context.<\/p>\n<p>La programaci\u00f3 d&#8217;entrada gratu\u00efta continua en els barris i pedanies aquesta setmana inclou l&#8217;actuaci\u00f3 musical de Kilombo Kilomb\u00e9 en la pla\u00e7a de l&#8217;Esgl\u00e9sia de la Marina, el diumenge, a les 13.00.<\/p>\n<p>Quant a les <strong>exposicions<\/strong> d&#8217;entrada gratu\u00efta, fins al 9 de desembre, es pot visitar Els misteris assumpcionistes d\u2019Elx, Val\u00e8ncia i Castell\u00f3\u201d, a la sala d&#8217;exposicions temporals del MAHE, de dilluns a dissabte de 10.00 a 18.00 i de 10.00 a 15.00 els diumenges i festius. A m\u00e9s, fins al 14 d&#8217;octubre, es pot visitar a la sala de l&#8217;Ordre Tercera (al costat de l&#8217;Esgl\u00e9sia de San Jos\u00e9) la mostra \u201cUn mar de dades\u201d, de dimarts a dissabte, de 10.00 a 14.00 i de 15.00 a 18.00 i de 10.00 a 14.00 els diumenges i festius. En aquest mateix horari, en sala d&#8217;exposicions de l&#8217;Antiga llotja medieval, es troba la mostra \u201cPintem els nostres records\u201d. D&#8217;altra banda, fins al 14 d&#8217;octubre, a la sala Lanart de L\u2019Escorxador, es pot visitar la mostra, \u201cAmnesis: passat vs present\u201d, de 17.00 a 20.00 de dilluns a divendres, d&#8217;11.00 a 14.00 i de 17.00 a 20.00 els dissabtes i d&#8217;11.00 a 14.00 els diumenges i festius.<\/p>\n","protected":false},"excerpt":{"rendered":"<p>Agenda Elx Cultura del 24 al 30 de setembre 2018: Elx Cultura repr\u00e9n la programaci\u00f3 de La Llotja amb la Nit Sabinera, continua La Mostra de Teatre en el Gran [&hellip;]<\/p>\n","protected":false},"author":15,"featured_media":69918,"comment_status":"closed","ping_status":"closed","sticky":false,"template":"","format":"standard","meta":{"footnotes":""},"categories":[193,454,1341,2235],"tags":[2094,1862,316,1779,2292,1840,1717,1753,250,2091,174],"class_list":["post-69944","post","type-post","status-publish","format-standard","has-post-thumbnail","hentry","category-cultura-va","category-museus","category-ocio-y-cultura-va","category-pedania","tag-agenda-elx-cultura-va","tag-barrios-y-pedanias-va","tag-cine-va","tag-conciertos-va","tag-dama-de-elche-va","tag-exposiciones-va","tag-gran-teatro-va","tag-llotja-va","tag-musica-va","tag-que-hacer-en-elche-va","tag-teatro-va"],"_links":{"self":[{"href":"https:\/\/www.elche.es\/va\/wp-json\/wp\/v2\/posts\/69944","targetHints":{"allow":["GET"]}}],"collection":[{"href":"https:\/\/www.elche.es\/va\/wp-json\/wp\/v2\/posts"}],"about":[{"href":"https:\/\/www.elche.es\/va\/wp-json\/wp\/v2\/types\/post"}],"author":[{"embeddable":true,"href":"https:\/\/www.elche.es\/va\/wp-json\/wp\/v2\/users\/15"}],"replies":[{"embeddable":true,"href":"https:\/\/www.elche.es\/va\/wp-json\/wp\/v2\/comments?post=69944"}],"version-history":[{"count":0,"href":"https:\/\/www.elche.es\/va\/wp-json\/wp\/v2\/posts\/69944\/revisions"}],"wp:featuredmedia":[{"embeddable":true,"href":"https:\/\/www.elche.es\/va\/wp-json\/wp\/v2\/media\/69918"}],"wp:attachment":[{"href":"https:\/\/www.elche.es\/va\/wp-json\/wp\/v2\/media?parent=69944"}],"wp:term":[{"taxonomy":"category","embeddable":true,"href":"https:\/\/www.elche.es\/va\/wp-json\/wp\/v2\/categories?post=69944"},{"taxonomy":"post_tag","embeddable":true,"href":"https:\/\/www.elche.es\/va\/wp-json\/wp\/v2\/tags?post=69944"}],"curies":[{"name":"wp","href":"https:\/\/api.w.org\/{rel}","templated":true}]}}