{"id":70904,"date":"2018-10-08T09:38:50","date_gmt":"2018-10-08T08:38:50","guid":{"rendered":"http:\/\/www.elche.es\/va\/?p=70904"},"modified":"2018-10-08T09:38:50","modified_gmt":"2018-10-08T08:38:50","slug":"volta-a-la-biblioteca-nou-raco-de-lectura-a-les-biblioteques-infantils","status":"publish","type":"post","link":"https:\/\/www.elche.es\/va\/2018\/10\/volta-a-la-biblioteca-nou-raco-de-lectura-a-les-biblioteques-infantils\/","title":{"rendered":"&#8220;Volta a la biblioteca&#8221;: nou rac\u00f3 de lectura a les biblioteques infantils"},"content":{"rendered":"<p>Amb la tardor arriba a la biblioteca un nou rac\u00f3 infantil i juvenil, ple de propostes de lectura&#8230; Manualitats, receptes de cuina, c\u00f2mics, contes cl\u00e0ssics o hist\u00f2ries juvenils us esperen de nou per a ocupar el vostre temps lliure.<br \/>\nA m\u00e9s, pots participar en el taul\u00f3 de notes explicant qu\u00e8 fas quan vens a la biblioteca.<\/p>\n<p>Pots consultar la Guia de lectura\u00a0<a href=\"https:\/\/drive.google.com\/file\/d\/14rqT0lDWQDAMuiAvGfJuV0XldaT48U0G\/view?usp=sharing\">AQU\u00cd<\/a>.<\/p>\n","protected":false},"excerpt":{"rendered":"<p>Amb la tardor arriba a la biblioteca un nou rac\u00f3 infantil i juvenil, ple de propostes de lectura&#8230; Manualitats, receptes de cuina, c\u00f2mics, contes cl\u00e0ssics o hist\u00f2ries juvenils us esperen [&hellip;]<\/p>\n","protected":false},"author":15,"featured_media":70898,"comment_status":"closed","ping_status":"closed","sticky":false,"template":"","format":"standard","meta":{"footnotes":""},"categories":[181],"tags":[],"class_list":["post-70904","post","type-post","status-publish","format-standard","has-post-thumbnail","hentry","category-biblioteques-va"],"_links":{"self":[{"href":"https:\/\/www.elche.es\/va\/wp-json\/wp\/v2\/posts\/70904","targetHints":{"allow":["GET"]}}],"collection":[{"href":"https:\/\/www.elche.es\/va\/wp-json\/wp\/v2\/posts"}],"about":[{"href":"https:\/\/www.elche.es\/va\/wp-json\/wp\/v2\/types\/post"}],"author":[{"embeddable":true,"href":"https:\/\/www.elche.es\/va\/wp-json\/wp\/v2\/users\/15"}],"replies":[{"embeddable":true,"href":"https:\/\/www.elche.es\/va\/wp-json\/wp\/v2\/comments?post=70904"}],"version-history":[{"count":0,"href":"https:\/\/www.elche.es\/va\/wp-json\/wp\/v2\/posts\/70904\/revisions"}],"wp:featuredmedia":[{"embeddable":true,"href":"https:\/\/www.elche.es\/va\/wp-json\/wp\/v2\/media\/70898"}],"wp:attachment":[{"href":"https:\/\/www.elche.es\/va\/wp-json\/wp\/v2\/media?parent=70904"}],"wp:term":[{"taxonomy":"category","embeddable":true,"href":"https:\/\/www.elche.es\/va\/wp-json\/wp\/v2\/categories?post=70904"},{"taxonomy":"post_tag","embeddable":true,"href":"https:\/\/www.elche.es\/va\/wp-json\/wp\/v2\/tags?post=70904"}],"curies":[{"name":"wp","href":"https:\/\/api.w.org\/{rel}","templated":true}]}}