{"id":71494,"date":"2018-10-18T07:53:38","date_gmt":"2018-10-18T06:53:38","guid":{"rendered":"http:\/\/www.elche.es\/va\/?p=71494"},"modified":"2018-10-18T07:53:38","modified_gmt":"2018-10-18T06:53:38","slug":"talls-de-carrer-o-limitacio-destacionament-previstos-per-a-aquests-proxims-dies-19-al-25-doctubre","status":"publish","type":"post","link":"https:\/\/www.elche.es\/va\/2018\/10\/talls-de-carrer-o-limitacio-destacionament-previstos-per-a-aquests-proxims-dies-19-al-25-doctubre\/","title":{"rendered":"Talls de carrer o limitaci\u00f3 d&#8217;estacionament previstos per a aquests pr\u00f2xims dies (19 al 25 d&#8217;octubre)"},"content":{"rendered":"<p>Esdeveniments:<\/p>\n<p># Canvi mercat ambulant c\/ Ancla per obres<br \/>\n&#x1f4c6; 19 d&#8217;octubre<br \/>\n\u23f0 07.00<br \/>\n&#x1f4cd; Carrer Beniai<br \/>\n&#x1f6ab; Des de les 07.00 en carrer Beniai<br \/>\n\u26d4\ufe0f\u00a0Tall per a instal\u00b7laci\u00f3 de mercat ambulant<\/p>\n<p># Correllengua 2018<br \/>\n&#x1f4c6; 19 d&#8217;octubre<br \/>\n\u23f0 19.30<br \/>\n&#x1f4cd; Itinerari: Casal Jaume I d&#8217;Elx-Acci\u00f3 Cultural del Pa\u00eds Valenci\u00e0, situada al\u00a0c\/ Sant Jordi, 2, replaceta de les Barques, Mareded\u00e9u del Carme, pla\u00e7a de Baix.<br \/>\n&#x1f6ab;\u00a0Des de les 15.00 en la pla\u00e7a de Baix.<br \/>\n\u26d4\ufe0f\u00a0Tall del tr\u00e0nsit rodat fins a la pla\u00e7a<\/p>\n<p># Fira de l&#8217;Autom\u00f2bil<br \/>\n&#x1f4c6; 20 d&#8217;octubre<br \/>\n\u23f0 8.00 a 20.00<br \/>\n&#x1f4cd; Hospitalet de Llobregat, 12 al 3<br \/>\n&#x1f6ab; En el tram referit d&#8217;Hospitalet de Llobregat des de les 07.00 fins a les 20.00, tots dos costats.<br \/>\n\u26d4\ufe0f\u00a0Tall del tr\u00e0nsit rodat fins a la zona ocupada per l&#8217;activitat.<\/p>\n<p># Festivitat de Sant Crisp\u00ed (Toscar)<br \/>\n&#x1f4c6; 20 i 21 d&#8217;octubre<br \/>\n\u23f0 08.00<br \/>\n&#x1f4cd; Pascual Garc\u00eda Rocamora<br \/>\n&#x1f6ab;\u00a0Al carrer Pascual Garc\u00eda Rocamora (entre el n\u00famero 17 i\u00a0el c\/ Emilio Hern\u00e1ndez<br \/>\nSelva)<br \/>\n\u26d4\ufe0f\u00a0Tall del tr\u00e0nsit rodat fins al tram ressenyat<\/p>\n<p># Festivitat de Sant Crisp\u00ed (AV Sant Crisp\u00ed)<br \/>\n&#x1f4c6; 20 i 21 d&#8217;octubre<br \/>\n\u23f0 De 15.00 a 22.00 el dissabte i de 09.00 a 15.00 el diumenge<br \/>\n&#x1f4cd; Jos\u00e9 Javaloyes Orts n\u00fam. 41<br \/>\n&#x1f6ab;\u00a0Al c\/ Jos\u00e9 Javaloyes Orts, 41 i 78, tots dos costats, el dissabte 20 d&#8217;octubre de 14.00 a 22.00 hores i el diumenge 21 d&#8217;octubre, de 07.00 a 15.00<br \/>\n\u26d4\ufe0f\u00a0Tall de Jos\u00e9 Javaloyes Orts des d&#8217;Antonio Garc\u00eda Cayuelas, de 15.00 a 22.00 el dissabte i\u00a0de 09.00 a 15.00 el diumenge<\/p>\n<p># Marxa ciclista.<br \/>\n&#x1f4c6; 21 d&#8217;octubre<br \/>\n\u23f0 09.00 a 12.30<br \/>\n&#x1f4cd;\u00a0Eixida des del centre social de Matola, situat a la partida de Matola, Pol. 1 n\u00fam 79.<br \/>\n&#x1f6ab; Des de les 07.00 hores en la zona de p\u00e0rquing al costat del Centre Social de Matola i carrers adjacents<\/p>\n<p>&lt;&lt;SANT CRISP\u00cd&gt;&gt;<br \/>\n\u2139 Des del d\u00eda 19 al 21 d&#8217;octubre, a partir de las 08.00,\u00a0es prohibir\u00e0 l&#8217;estacionament en la zona de l&#8217;Ermita de Sant Crisp\u00ed, per a muntatge de parades ambulants<\/p>\n<p># Ofrena de Flors<br \/>\n&#x1f4c6; 20 d&#8217;octubre<br \/>\n\u23f0 18.30<br \/>\n&#x1f4cd; Itinerari: des de pla\u00e7a de Barcelona, Diagonal, Av. Novelda (carril esquerre segons sentit de circulaci\u00f3), Emilio Sala Hern\u00e1ndez a parr\u00f2quia Mare de D\u00e9u.<br \/>\n&#x1f6ab; Des de les 15.00 al c\/Emilio Sala Hern\u00e1ndez (entre\u00a0els carrers Jos\u00e9 D\u00edez Mora i Pascual Garc\u00eda Rocamora)<br \/>\n\u26d4\ufe0f\u00a0Tall del tr\u00e0nsit rodat fins al tram de la fa\u00e7ana de la parr\u00f2quia Mare de D\u00e9u situada al c\/ Emilio Hern\u00e1ndez Selva, 39<br \/>\n\u26d4\ufe0f\u00a0Tall del tr\u00e0nsit rodat fins a l&#8217;itinerari de l&#8217;ofrena floral<\/p>\n<p># Tradicional Romiatge\u00a0de Sant Crisp\u00ed<br \/>\n&#x1f4c6; 21 d&#8217;octubre<br \/>\n\u23f0 09.30<br \/>\n&#x1f4cd; Itinerari: eixida de parr\u00f2quia Mare de D\u00e9u, Emilio Sala Hern\u00e1ndez, Pascual Garc\u00eda Rocamora, Emilio Hern\u00e1ndez Selva, Francisco Tom\u00e1s i Valiente, Antonio Garc\u00eda Cayuelas, Jos\u00e9 Javaloyes Orts, Germans Navarro Caracena, Diego Pascual Oliver, Av. de Novelda a Ermita.<br \/>\n&#x1f6ab;\u00a0Al c\/ Emilio Sala Hern\u00e1ndez, fa\u00e7ana de la parr\u00f2quia, del 18 al 21 d&#8217;octubre<br \/>\n&#x1f6ab; Des de les 07.00 al c\/ Emilio Sala Hern\u00e1ndez (entre els carrers Jos\u00e9 D\u00edez Mora i Pascual Garc\u00eda Rocamora)<br \/>\n&#x1f6ab; En la zona d&#8217;instalaci\u00f3 del tradicional\u00a0mercat ambulant<br \/>\n\u26d4\ufe0f\u00a0Tall del tr\u00e0nsit rodat cap al tram de la fa\u00e7ana de la parr\u00f2quia i l&#8217;itinerari del Romiatge.<br \/>\n\u26d4\ufe0f\u00a0Tall del tr\u00e0nsit rodat pel c\/ Mestre Melchor Botella, tram compr\u00e9s entre els carrers Joaqu\u00edn Cartagena Baile i Av. de Novelda.<\/p>\n<p>Rep informaci\u00f3 A l&#8217;INSTANT amb #Telegram i consulta els esdeveniments previstos. M\u00e9s info: https:\/\/t.me\/policiaelche<\/p>\n","protected":false},"excerpt":{"rendered":"<p>Esdeveniments: # Canvi mercat ambulant c\/ Ancla per obres &#x1f4c6; 19 d&#8217;octubre \u23f0 07.00 &#x1f4cd; Carrer Beniai &#x1f6ab; Des de les 07.00 en carrer Beniai \u26d4\ufe0f\u00a0Tall per a instal\u00b7laci\u00f3 de [&hellip;]<\/p>\n","protected":false},"author":15,"featured_media":71484,"comment_status":"closed","ping_status":"closed","sticky":false,"template":"","format":"standard","meta":{"footnotes":""},"categories":[882,1323],"tags":[],"class_list":["post-71494","post","type-post","status-publish","format-standard","has-post-thumbnail","hentry","category-incidencies-i-avisos","category-policia-local-trafico-va"],"_links":{"self":[{"href":"https:\/\/www.elche.es\/va\/wp-json\/wp\/v2\/posts\/71494","targetHints":{"allow":["GET"]}}],"collection":[{"href":"https:\/\/www.elche.es\/va\/wp-json\/wp\/v2\/posts"}],"about":[{"href":"https:\/\/www.elche.es\/va\/wp-json\/wp\/v2\/types\/post"}],"author":[{"embeddable":true,"href":"https:\/\/www.elche.es\/va\/wp-json\/wp\/v2\/users\/15"}],"replies":[{"embeddable":true,"href":"https:\/\/www.elche.es\/va\/wp-json\/wp\/v2\/comments?post=71494"}],"version-history":[{"count":0,"href":"https:\/\/www.elche.es\/va\/wp-json\/wp\/v2\/posts\/71494\/revisions"}],"wp:featuredmedia":[{"embeddable":true,"href":"https:\/\/www.elche.es\/va\/wp-json\/wp\/v2\/media\/71484"}],"wp:attachment":[{"href":"https:\/\/www.elche.es\/va\/wp-json\/wp\/v2\/media?parent=71494"}],"wp:term":[{"taxonomy":"category","embeddable":true,"href":"https:\/\/www.elche.es\/va\/wp-json\/wp\/v2\/categories?post=71494"},{"taxonomy":"post_tag","embeddable":true,"href":"https:\/\/www.elche.es\/va\/wp-json\/wp\/v2\/tags?post=71494"}],"curies":[{"name":"wp","href":"https:\/\/api.w.org\/{rel}","templated":true}]}}