{"id":7282,"date":"2016-11-07T12:35:04","date_gmt":"2016-11-07T12:35:04","guid":{"rendered":"http:\/\/www.elche.es\/va\/2016\/11\/07\/el-alcalde-inaugura-los-actos-del-40-aniversario-de-la-asociacion-de-vecinos-de-el-toscar\/"},"modified":"2017-01-11T13:56:41","modified_gmt":"2017-01-11T12:56:41","slug":"el-alcalde-inaugura-los-actos-del-40-aniversario-de-la-asociacion-de-vecinos-de-el-toscar","status":"publish","type":"post","link":"https:\/\/www.elche.es\/va\/2016\/11\/el-alcalde-inaugura-los-actos-del-40-aniversario-de-la-asociacion-de-vecinos-de-el-toscar\/","title":{"rendered":"L&#8217;alcalde inaugura els actes del 40 aniversari de l&#8217;associaci\u00f3 de ve\u00efns del Toscar"},"content":{"rendered":"<p>L\u2019alcalde d\u2019Elx, <strong>Carlos Gonz\u00e1lez<\/strong>, ha inaugurat els actes del 40 aniversari de la creaci\u00f3 de l\u2019Associaci\u00f3 de Ve\u00efns del Toscar i carrers adjacents, en companyia del seu president, <strong>Pedro Mart\u00ednez<\/strong>, durant un acte que se celebr\u00e0 en el Centre Polivalent de Carr\u00fas i al qual assistiren un centenar de persones i diversos membres de la Corporaci\u00f3 Municipal.<\/p>\n<p>L\u2019Associaci\u00f3 ve\u00efnal celebra esta efem\u00e8ride davall el lema \u201c<em>40 anys al teu costat<\/em>\u201d i amb nombrosos actes com una exposici\u00f3 de fotografies del barri, encontres esportius, recitals de poesia, balls i concerts, entre altres. La junta directiva de l\u2019Associaci\u00f3 destaca en la presentaci\u00f3 de les activitats als ve\u00efns l\u2019inter\u00e9s a \u201canimar-vos a participar, a con\u00e9ixer-nos un poc millor i a compartir la celebraci\u00f3 d\u2019un aniversari que sobretot \u00e9s vostre\u201d.<\/p>\n<p>L\u2019acte inaugural fon presentat per <strong>Javier Ferrer<\/strong> i durant este s\u2019exhib\u00ed un v\u00eddeo dels 40 anys d\u2019activitats de l\u2019Associaci\u00f3. Aix\u00ed mateix, els assistents pogueren disfrutar d\u2019un mon\u00f2leg i d\u2019un animat ball.<\/p>\n<p>El president de l\u2019Associaci\u00f3 de Ve\u00efns, Pedro Mart\u00ednez, f\u00e9u un somer rep\u00e0s de la hist\u00f2ria de l\u2019Associaci\u00f3, remuntant-se a la data de la seua\u00a0\u00a0 legalitzaci\u00f3, a l\u2019agost de 1976. Mart\u00ednez record\u00e0 el soterrament de les vies, el trasllat d\u2019una f\u00e0brica \u201cque contaminava molt\u201d, la construcci\u00f3 del Centre Social Polivalent, la del Jard\u00ed d\u2019Andalusia, els blocs del Toscar, el poliesportiu i les piscines, el Centre de Salut del Toscar, les 78 vivendes del barri del Cementeri Vell, la col\u00b7laboraci\u00f3 per a aconseguir el segon hospital, una sala d\u2019estudis, la ludoteca infantil <em>Gloria Fuertes<\/em>, la participaci\u00f3 en la romeria de Sant Crisp\u00ed, el cros de Carr\u00fas o la inauguraci\u00f3 de l\u2019esperada ermita de Sant Pasqual Bailon.<\/p>\n<p>Mart\u00ednez tingu\u00e9 paraules d\u2019agra\u00efment per als socis i ve\u00efns en general, per a l\u2019Ajuntament d\u2019Elx i altres entitats \u201cque han fet que amb el seu esfor\u00e7 i treball este somni siga una realitat\u201d.<\/p>\n<p><strong>Estendard dels ve\u00efns<\/strong><\/p>\n<p>L\u2019alcalde, per la seua part, destac\u00e0 durant la seua intervenci\u00f3 que \u201cno \u00e9s f\u00e0cil que un col\u00b7lectiu, siga de la classe que siga, complisca 40 anys, i esta associaci\u00f3, amb la seua const\u00e0ncia, ha aconseguit no solament tindre una vida llarga sin\u00f3 fer durant estos anys coses molt importants pel barri i per la ciutat. Per tant, la primera cosa que he de fer \u00e9s felicitar-vos pel vostre treball\u201d.<\/p>\n<p>\u201cQuan nasqu\u00e9 l\u2019Associaci\u00f3 jo tenia 11 anys i recorde prou b\u00e9 com era este barri. En estos 40 anys de democr\u00e0cia, que coincidixen amb la vida de l\u2019Associaci\u00f3, Carr\u00fas i el Toscar s\u2019han transformat profundament. Era un barri sense cap classe de dotaci\u00f3, sense espais p\u00fablics ni centres sanitaris, amb nom\u00e9s tres col\u00b7legis i sense asfaltar\u201d, assenyal\u00e0 l\u2019alcalde.<\/p>\n<p>\u201cEstos 40 anys de vida de l\u2019Associaci\u00f3 i de democr\u00e0cia local han perm\u00e9s anar dotant la ciutat de servicis p\u00fablics i especialment este barri. Esta ha sigut una batalla en la qual l\u2019Associaci\u00f3 de ve\u00efns ha complit una funci\u00f3 social important\u00edssima. Ha sigut l\u2019estendard dels ve\u00efns en la lluita per aconseguir un barri millor amb la col\u00b7laboraci\u00f3 municipal\u201d, manifest\u00e0 Carlos Gonz\u00e1lez.<\/p>\n","protected":false},"excerpt":{"rendered":"<p>L\u2019alcalde d\u2019Elx, Carlos Gonz\u00e1lez, ha inaugurat els actes del 40 aniversari de la creaci\u00f3 de l\u2019Associaci\u00f3 de Ve\u00efns del Toscar i carrers adjacents, en companyia del seu president, Pedro Mart\u00ednez, [&hellip;]<\/p>\n","protected":false},"author":131,"featured_media":7279,"comment_status":"closed","ping_status":"closed","sticky":false,"template":"","format":"standard","meta":{"footnotes":""},"categories":[257],"tags":[],"class_list":["post-7282","post","type-post","status-publish","format-standard","has-post-thumbnail","hentry","category-aperturas-va"],"_links":{"self":[{"href":"https:\/\/www.elche.es\/va\/wp-json\/wp\/v2\/posts\/7282","targetHints":{"allow":["GET"]}}],"collection":[{"href":"https:\/\/www.elche.es\/va\/wp-json\/wp\/v2\/posts"}],"about":[{"href":"https:\/\/www.elche.es\/va\/wp-json\/wp\/v2\/types\/post"}],"author":[{"embeddable":true,"href":"https:\/\/www.elche.es\/va\/wp-json\/wp\/v2\/users\/131"}],"replies":[{"embeddable":true,"href":"https:\/\/www.elche.es\/va\/wp-json\/wp\/v2\/comments?post=7282"}],"version-history":[{"count":0,"href":"https:\/\/www.elche.es\/va\/wp-json\/wp\/v2\/posts\/7282\/revisions"}],"wp:featuredmedia":[{"embeddable":true,"href":"https:\/\/www.elche.es\/va\/wp-json\/wp\/v2\/media\/7279"}],"wp:attachment":[{"href":"https:\/\/www.elche.es\/va\/wp-json\/wp\/v2\/media?parent=7282"}],"wp:term":[{"taxonomy":"category","embeddable":true,"href":"https:\/\/www.elche.es\/va\/wp-json\/wp\/v2\/categories?post=7282"},{"taxonomy":"post_tag","embeddable":true,"href":"https:\/\/www.elche.es\/va\/wp-json\/wp\/v2\/tags?post=7282"}],"curies":[{"name":"wp","href":"https:\/\/api.w.org\/{rel}","templated":true}]}}