{"id":7291,"date":"2016-11-07T12:40:43","date_gmt":"2016-11-07T12:40:43","guid":{"rendered":"http:\/\/www.elche.es\/va\/2016\/11\/07\/sanchez-el-consell-apuesta-por-elche-en-atencion-ciudadana-y-empleo\/"},"modified":"2016-11-07T12:44:07","modified_gmt":"2016-11-07T12:44:07","slug":"sanchez-el-consell-aposta-per-elx-en-atencio-ciutadana-i-ocupacio","status":"publish","type":"post","link":"https:\/\/www.elche.es\/va\/2016\/11\/sanchez-el-consell-aposta-per-elx-en-atencio-ciutadana-i-ocupacio\/","title":{"rendered":"S\u00e0nchez: &#8220;El Consell aposta per Elx en Atenci\u00f3 Ciutadana i Ocupaci\u00f3&#8221;"},"content":{"rendered":"<p>Este sistema consistix en una xarxa d\u2019oficines <em>PROP<\/em> geogr\u00e0ficament distribu\u00efdes per facilitar informaci\u00f3 sobre tr\u00e0mits, procediments de la Generalitat i sobre ocupaci\u00f3 p\u00fablica a la ciutadania.<\/p>\n<p>&#8220;\u00c9s molt important per a Elx l\u2019aposta de la Conselleria per potenciar estos servicis d\u2019atenci\u00f3 ciutadana i les relacions de l\u2019Administraci\u00f3 amb la ciutadania. \u00c9s una molt bona noticia que el nou govern de la Generalitat prioritze i situe Elx com a punt important&#8221;, ha manifestat el regidor de Participaci\u00f3.<\/p>\n<p>A m\u00e9s, ha afegit que &#8220;este acord s\u2019ha produ\u00eft en el Ple del Consell, on tamb\u00e9 s\u2019ha acordat que el govern valenci\u00e0 destine 1,4 milions d\u2019euros per al Pla d\u2019Ocupaci\u00f3 d\u2019Elx. Aix\u00ed \u00e9s, el Ple del Consell aprova concedir 1,4 milions d\u2019euros a\u00a0 l\u2019Ajuntament d\u2019Elx per a la contractaci\u00f3 de j\u00f3vens desocupats i parats de llarga duraci\u00f3. Estes ajudes formen part del Pla d\u2019Ocupaci\u00f3 de Municipis -programa d\u2019Iniciativa Social-, per a incentivar la contractaci\u00f3 de persones desocupades pertanyents a col\u00b7lectius vulnerables per a la realitzaci\u00f3 d\u2019obres o servicis d\u2019inter\u00e9s general o social.<\/p>\n<p>Aix\u00ed, gr\u00e0cies a estes ajudes el Servef subvenciona els costos salarials dels desocupats contractats per l\u2019Ajuntament que, en este cas, hauran de ser j\u00f3vens sense experi\u00e8ncia en l\u2019\u00e0mbit de la seua qualificaci\u00f3 professional i parats de llarga duraci\u00f3 o en situaci\u00f3 de risc o d\u2019exclusi\u00f3 social.<\/p>\n<p>Segons S\u00e1nchez, &#8220;el Pla d\u2019Ocupaci\u00f3 permetr\u00e0 la contractaci\u00f3 de prop de 1.800 desocupat en tota la Comunitat Valenciana i els Ajuntaments no cofinan\u00e7aran el programa i podran dedicar els seus recursos a altres necessitats&#8221;.<\/p>\n","protected":false},"excerpt":{"rendered":"<p>Este sistema consistix en una xarxa d\u2019oficines PROP geogr\u00e0ficament distribu\u00efdes per facilitar informaci\u00f3 sobre tr\u00e0mits, procediments de la Generalitat i sobre ocupaci\u00f3 p\u00fablica a la ciutadania. &#8220;\u00c9s molt important per [&hellip;]<\/p>\n","protected":false},"author":131,"featured_media":7289,"comment_status":"closed","ping_status":"closed","sticky":false,"template":"","format":"standard","meta":{"footnotes":""},"categories":[208],"tags":[],"class_list":["post-7291","post","type-post","status-publish","format-standard","has-post-thumbnail","hentry","category-participacio-ciutadana-va"],"_links":{"self":[{"href":"https:\/\/www.elche.es\/va\/wp-json\/wp\/v2\/posts\/7291","targetHints":{"allow":["GET"]}}],"collection":[{"href":"https:\/\/www.elche.es\/va\/wp-json\/wp\/v2\/posts"}],"about":[{"href":"https:\/\/www.elche.es\/va\/wp-json\/wp\/v2\/types\/post"}],"author":[{"embeddable":true,"href":"https:\/\/www.elche.es\/va\/wp-json\/wp\/v2\/users\/131"}],"replies":[{"embeddable":true,"href":"https:\/\/www.elche.es\/va\/wp-json\/wp\/v2\/comments?post=7291"}],"version-history":[{"count":0,"href":"https:\/\/www.elche.es\/va\/wp-json\/wp\/v2\/posts\/7291\/revisions"}],"wp:featuredmedia":[{"embeddable":true,"href":"https:\/\/www.elche.es\/va\/wp-json\/wp\/v2\/media\/7289"}],"wp:attachment":[{"href":"https:\/\/www.elche.es\/va\/wp-json\/wp\/v2\/media?parent=7291"}],"wp:term":[{"taxonomy":"category","embeddable":true,"href":"https:\/\/www.elche.es\/va\/wp-json\/wp\/v2\/categories?post=7291"},{"taxonomy":"post_tag","embeddable":true,"href":"https:\/\/www.elche.es\/va\/wp-json\/wp\/v2\/tags?post=7291"}],"curies":[{"name":"wp","href":"https:\/\/api.w.org\/{rel}","templated":true}]}}