{"id":72919,"date":"2018-10-30T14:49:27","date_gmt":"2018-10-30T13:49:27","guid":{"rendered":"http:\/\/www.elche.es\/va\/?p=72919"},"modified":"2018-10-31T09:04:23","modified_gmt":"2018-10-31T08:04:23","slug":"la-carrera-contra-el-cancer-de-mama-celebra-la-seua-xiv-edicio","status":"publish","type":"post","link":"https:\/\/www.elche.es\/va\/2018\/10\/la-carrera-contra-el-cancer-de-mama-celebra-la-seua-xiv-edicio\/","title":{"rendered":"La Carrera Contra el C\u00e0ncer de Mama celebra la seua XIV edici\u00f3"},"content":{"rendered":"<blockquote><p>L&#8217;esdeveniment esportiu tindr\u00e0 lloc el pr\u00f2xim 25 de novembre al Passeig de l&#8217;Estaci\u00f3 i les inscripcions es poden dur a terme a trav\u00e9s de la web de <em>chiplevante<\/em><\/p><\/blockquote>\n<p><strong>\u00a0<\/strong><\/p>\n<p>La regidora de Benestar Social, Teresa Maci\u00e0, i el regidor d&#8217;Esports, Jes\u00fas Pareja, han presentat l&#8217;edici\u00f3 n\u00famero XIV de la Carrera Contra el C\u00e0ncer de Mama, que se celebrar\u00e0 el pr\u00f2xim 25 de novembre a les 10 hores en el Passeig de l&#8217;Estaci\u00f3.<\/p>\n<p>\u201cDonem suport a totes les iniciatives que tinguen a veure amb visibilitzar el c\u00e0ncer de mama i ajudar els pacients i familiars\u201d, ha assenyalat la regidora de Benestar Social, qui ha assenyalat que des de la Regidoria es promouen multitud d&#8217;activitats per a promoure un h\u00e0bit de vida saludable que ajude a previndre el c\u00e0ncer de mama.<\/p>\n<p>Aix\u00ed mateix, el regidor d&#8217;Esports, Jes\u00fas Pareja ha assenyalat que \u00e9s una de les carreres m\u00e9s consolidades del municipi en el qual s&#8217;uneix solidaritat amb esport.<\/p>\n<p>Consuelo Garc\u00eda, presidenta d&#8217;Amacmec, ha ressaltat com d&#8217;emotiu \u00e9s l&#8217;esdeveniment esportiu, ja que \u00e9s organitzat per les s\u00f2cies de l&#8217;associaci\u00f3, en la qual es troben malaltes de c\u00e0ncer i dones que ja ho han superat.<\/p>\n<p>\u201cA m\u00e9s, volem fomentar que l&#8217;exercici \u00e9s molt important per a la prevenci\u00f3 del c\u00e0ncer de mama\u201d, ha explicat la presidenta.<\/p>\n<p>Les inscripcions es poden realitzar,\u00a0a partir del dia 2 de novembre, a trav\u00e9s de la web de <a href=\"http:\/\/www.chiplevante.com\/chiplevante.asp\">chiplevante<\/a>\u00a0i tenen un cost de 9 euros. Aix\u00ed mateix, tamb\u00e9 es pot contribuir comprant el dorsal 0, que \u00e9s per a les persones que vulguen fer una donaci\u00f3 per\u00f2 no participaran en la carrera.<\/p>\n<p>&nbsp;<\/p>\n","protected":false},"excerpt":{"rendered":"<p>L&#8217;esdeveniment esportiu tindr\u00e0 lloc el pr\u00f2xim 25 de novembre al Passeig de l&#8217;Estaci\u00f3 i les inscripcions es poden dur a terme a trav\u00e9s de la web de chiplevante \u00a0 La [&hellip;]<\/p>\n","protected":false},"author":15,"featured_media":72901,"comment_status":"closed","ping_status":"closed","sticky":false,"template":"","format":"standard","meta":{"footnotes":""},"categories":[190,187],"tags":[],"class_list":["post-72919","post","type-post","status-publish","format-standard","has-post-thumbnail","hentry","category-drets-socials","category-esports"],"_links":{"self":[{"href":"https:\/\/www.elche.es\/va\/wp-json\/wp\/v2\/posts\/72919","targetHints":{"allow":["GET"]}}],"collection":[{"href":"https:\/\/www.elche.es\/va\/wp-json\/wp\/v2\/posts"}],"about":[{"href":"https:\/\/www.elche.es\/va\/wp-json\/wp\/v2\/types\/post"}],"author":[{"embeddable":true,"href":"https:\/\/www.elche.es\/va\/wp-json\/wp\/v2\/users\/15"}],"replies":[{"embeddable":true,"href":"https:\/\/www.elche.es\/va\/wp-json\/wp\/v2\/comments?post=72919"}],"version-history":[{"count":0,"href":"https:\/\/www.elche.es\/va\/wp-json\/wp\/v2\/posts\/72919\/revisions"}],"wp:featuredmedia":[{"embeddable":true,"href":"https:\/\/www.elche.es\/va\/wp-json\/wp\/v2\/media\/72901"}],"wp:attachment":[{"href":"https:\/\/www.elche.es\/va\/wp-json\/wp\/v2\/media?parent=72919"}],"wp:term":[{"taxonomy":"category","embeddable":true,"href":"https:\/\/www.elche.es\/va\/wp-json\/wp\/v2\/categories?post=72919"},{"taxonomy":"post_tag","embeddable":true,"href":"https:\/\/www.elche.es\/va\/wp-json\/wp\/v2\/tags?post=72919"}],"curies":[{"name":"wp","href":"https:\/\/api.w.org\/{rel}","templated":true}]}}