{"id":74284,"date":"2018-11-13T14:40:29","date_gmt":"2018-11-13T13:40:29","guid":{"rendered":"http:\/\/www.elche.es\/va\/?p=74284"},"modified":"2018-11-13T14:40:29","modified_gmt":"2018-11-13T13:40:29","slug":"lajuntament-incrementa-un-17-per-cent-els-seguidors-en-facebook-i-un-10-per-cent-els-de-twitter","status":"publish","type":"post","link":"https:\/\/www.elche.es\/va\/2018\/11\/lajuntament-incrementa-un-17-per-cent-els-seguidors-en-facebook-i-un-10-per-cent-els-de-twitter\/","title":{"rendered":"L&#8217;Ajuntament incrementa un 17 per cent els seguidors en Facebook i un 10 per cent els de Twitter"},"content":{"rendered":"<blockquote><p>L&#8217;Ajuntament d&#8217;Elx ha augmentat de manera destacada el nombre d&#8217;usuaris de les seues xarxes socials en l&#8217;\u00faltim any, d&#8217;octubre de 2017 a octubre de 2018. En Facebook, el nombre de persones a les quals li agrada la p\u00e0gina ha passat de 15.150 en 2017 a 17.838 en 2018. En el cas de Twitter, el nombre de seguidors s&#8217;ha incrementat de 15.150 en 2017 a 16.784 de 2018.<\/p><\/blockquote>\n<p>En la xarxa social Facebook la pujada, en termes percentuals, ha sigut del 17 per cent respecte a l&#8217;any anterior, quan ja s&#8217;havia produ\u00eft un increment del 37 per cent sobre 2016. En aquest \u00faltim any, s&#8217;han publicat un total de 2.098 entrades, que s&#8217;han mostrat a 4.007.402 usuaris, segons les dades d&#8217;abast que facilita aquesta xarxa social.<\/p>\n<p>Respecte a Twitter, la pujada experimentada se situa en el 10,7 per cent sobre 2017. En el total de l&#8217;\u00faltim any s&#8217;han publicat 1.571 tuits, que s&#8217;han mostrat en 1.717.000 de vegades, segons les dades d&#8217;impressions que recull Twitter.<\/p>\n<p>En aquest sentit, la regidora de Comunicaci\u00f3, Esther D\u00edez, ha explicat que &#8220;aquest augment de seguidors en les xarxes socials, igual que la destacada pujada d&#8217;usuaris de la web, \u00e9s una bona not\u00edcia en el sentit que mostra que hi ha m\u00e9s ciutadans i ciutadanes interessats en l&#8217;actualitat municipal i en les activitats organitzades per l&#8217;Ajuntament&#8221;.<\/p>\n<p>D\u00edez, ha assenyalat que &#8220;les xarxes socials s\u00f3n una bona via per a millorar les relacions entre la ciutadania i l&#8217;Ajuntament, ja que fins i tot es vehiculen als diferents departaments les demandes i suggeriments que realitzen els usuaris&#8221;, i ha recordat que &#8220;per a aquest govern municipal, les xarxes socials municipals han d&#8217;actuar com a plataforma d&#8217;informaci\u00f3 p\u00fablica, i \u00e9s per aix\u00f2 que la seua gesti\u00f3 la realitzen funcionaris municipals&#8221;.<\/p>\n<p>&#8220;Enfront del model del govern anterior del PP, en el qual fins i tot es bloquejaven a usuaris no afins, en aquest govern municipal entenem que els espais informatius de la instituci\u00f3 han de gestionar-se de manera professional i amb vocaci\u00f3 de servei p\u00fablic, per la qual cosa fins i tot s&#8217;han elaborat protocols de gesti\u00f3 per als empleats p\u00fablics&#8221;, ha afegit la regidora de Comunicaci\u00f3.<\/p>\n<p>Esther D\u00edez ha afirmat tamb\u00e9 que &#8220;animem els ve\u00efns i les ve\u00efnes d&#8217;Elx que compten amb perfils en aquestes xarxes socials a seguir les p\u00e0gines de l&#8217;Ajuntament per a tindre coneixement de l&#8217;activitat municipal&#8221;.<\/p>\n","protected":false},"excerpt":{"rendered":"<p>L&#8217;Ajuntament d&#8217;Elx ha augmentat de manera destacada el nombre d&#8217;usuaris de les seues xarxes socials en l&#8217;\u00faltim any, d&#8217;octubre de 2017 a octubre de 2018. En Facebook, el nombre de [&hellip;]<\/p>\n","protected":false},"author":15,"featured_media":74272,"comment_status":"closed","ping_status":"closed","sticky":false,"template":"","format":"standard","meta":{"footnotes":""},"categories":[572,391],"tags":[],"class_list":["post-74284","post","type-post","status-publish","format-standard","has-post-thumbnail","hentry","category-comunicacio","category-home-va"],"_links":{"self":[{"href":"https:\/\/www.elche.es\/va\/wp-json\/wp\/v2\/posts\/74284","targetHints":{"allow":["GET"]}}],"collection":[{"href":"https:\/\/www.elche.es\/va\/wp-json\/wp\/v2\/posts"}],"about":[{"href":"https:\/\/www.elche.es\/va\/wp-json\/wp\/v2\/types\/post"}],"author":[{"embeddable":true,"href":"https:\/\/www.elche.es\/va\/wp-json\/wp\/v2\/users\/15"}],"replies":[{"embeddable":true,"href":"https:\/\/www.elche.es\/va\/wp-json\/wp\/v2\/comments?post=74284"}],"version-history":[{"count":0,"href":"https:\/\/www.elche.es\/va\/wp-json\/wp\/v2\/posts\/74284\/revisions"}],"wp:featuredmedia":[{"embeddable":true,"href":"https:\/\/www.elche.es\/va\/wp-json\/wp\/v2\/media\/74272"}],"wp:attachment":[{"href":"https:\/\/www.elche.es\/va\/wp-json\/wp\/v2\/media?parent=74284"}],"wp:term":[{"taxonomy":"category","embeddable":true,"href":"https:\/\/www.elche.es\/va\/wp-json\/wp\/v2\/categories?post=74284"},{"taxonomy":"post_tag","embeddable":true,"href":"https:\/\/www.elche.es\/va\/wp-json\/wp\/v2\/tags?post=74284"}],"curies":[{"name":"wp","href":"https:\/\/api.w.org\/{rel}","templated":true}]}}