{"id":74319,"date":"2018-11-14T10:59:18","date_gmt":"2018-11-14T09:59:18","guid":{"rendered":"http:\/\/www.elche.es\/va\/?p=74319"},"modified":"2018-11-14T12:31:07","modified_gmt":"2018-11-14T11:31:07","slug":"obert-el-termini-per-a-sol%c2%b7licitar-casetes-maercat-de-nadal-glorieta","status":"publish","type":"post","link":"https:\/\/www.elche.es\/va\/2018\/11\/obert-el-termini-per-a-sol%c2%b7licitar-casetes-maercat-de-nadal-glorieta\/","title":{"rendered":"Obert el termini per a sol\u00b7licitar CASETES MERCAT DE NADAL Glorieta"},"content":{"rendered":"<p>Enguany, tal com es va fer en 2016, <strong>s&#8217;instal\u00b7lar\u00e0 en la Glorieta un Mercat de Nadal<\/strong>, d&#8217;aproximadament 20-24 casetes amb tancament i llum, que romandr\u00e0 obert en horari de mat\u00ed i de vesprada, <strong>entre el 5 de desembre i el 6 de gener de 2019.<\/strong><\/p>\n<p>Durant aquest mes, tots els caps de setmana hi haur\u00e0 <strong>programaci\u00f3 de tallers infantils nadalencs, m\u00fasica i animaci\u00f3<\/strong>. La regidoria de Promoci\u00f3 Econ\u00f2mica es fa c\u00e0rrec d&#8217;aquestes despeses i de tota la instal\u00b7laci\u00f3 el\u00e8ctrica i la decoraci\u00f3, per la qual cosa els comerciants interessats nom\u00e9s han de fer front al cost del lloguer de la caseta.<\/p>\n<p>Les casetes s\u00f3n de 3&#215;2 metres, i tenen les seg\u00fcents caracter\u00edstiques:<\/p>\n<ul>\n<li>Tarima de 10 cm d&#8217;altura.<\/li>\n<li>Panells color faig.<\/li>\n<li>Perfils d&#8217;alumini en plata.<\/li>\n<li>Sostre xapa interior ocult amb tela.<\/li>\n<li>Frontis superior decorat nadal.<\/li>\n<li>Acc\u00e9s mitjan\u00e7ant persiana autom\u00e0tica de 3 m.<\/li>\n<li>Il\u00b7luminaci\u00f3 interior i connexi\u00f3 el\u00e8ctrica (total 1500 W).<\/li>\n<li>Corredor emmoquetat d&#8217;1 m davant, en roig nadalenc.<\/li>\n<\/ul>\n<p>Per a m\u00e9s informaci\u00f3 pots escriure al correu: <a href=\"mailto:comercio@elx.es\" target=\"_blank\">comercio@elx.es<\/a><\/p>\n","protected":false},"excerpt":{"rendered":"<p>Enguany, tal com es va fer en 2016, s&#8217;instal\u00b7lar\u00e0 en la Glorieta un Mercat de Nadal, d&#8217;aproximadament 20-24 casetes amb tancament i llum, que romandr\u00e0 obert en horari de mat\u00ed [&hellip;]<\/p>\n","protected":false},"author":15,"featured_media":74314,"comment_status":"closed","ping_status":"closed","sticky":false,"template":"","format":"standard","meta":{"footnotes":""},"categories":[183],"tags":[1982],"class_list":["post-74319","post","type-post","status-publish","format-standard","has-post-thumbnail","hentry","category-pomocio-economica","tag-promocion-economica-va"],"_links":{"self":[{"href":"https:\/\/www.elche.es\/va\/wp-json\/wp\/v2\/posts\/74319","targetHints":{"allow":["GET"]}}],"collection":[{"href":"https:\/\/www.elche.es\/va\/wp-json\/wp\/v2\/posts"}],"about":[{"href":"https:\/\/www.elche.es\/va\/wp-json\/wp\/v2\/types\/post"}],"author":[{"embeddable":true,"href":"https:\/\/www.elche.es\/va\/wp-json\/wp\/v2\/users\/15"}],"replies":[{"embeddable":true,"href":"https:\/\/www.elche.es\/va\/wp-json\/wp\/v2\/comments?post=74319"}],"version-history":[{"count":0,"href":"https:\/\/www.elche.es\/va\/wp-json\/wp\/v2\/posts\/74319\/revisions"}],"wp:featuredmedia":[{"embeddable":true,"href":"https:\/\/www.elche.es\/va\/wp-json\/wp\/v2\/media\/74314"}],"wp:attachment":[{"href":"https:\/\/www.elche.es\/va\/wp-json\/wp\/v2\/media?parent=74319"}],"wp:term":[{"taxonomy":"category","embeddable":true,"href":"https:\/\/www.elche.es\/va\/wp-json\/wp\/v2\/categories?post=74319"},{"taxonomy":"post_tag","embeddable":true,"href":"https:\/\/www.elche.es\/va\/wp-json\/wp\/v2\/tags?post=74319"}],"curies":[{"name":"wp","href":"https:\/\/api.w.org\/{rel}","templated":true}]}}