{"id":74461,"date":"2018-11-15T14:42:57","date_gmt":"2018-11-15T13:42:57","guid":{"rendered":"http:\/\/www.elche.es\/va\/?p=74461"},"modified":"2018-11-15T14:42:57","modified_gmt":"2018-11-15T13:42:57","slug":"campanya-comercial-black-friday","status":"publish","type":"post","link":"https:\/\/www.elche.es\/va\/2018\/11\/campanya-comercial-black-friday\/","title":{"rendered":"Campanya comercial Black Friday"},"content":{"rendered":"<blockquote><p>La Regidoria de Promoci\u00f3 Econ\u00f2mica col\u00b7labora en les campanyes comercials que s&#8217;organitzen amb motiu de la celebraci\u00f3 de l&#8217;anomenat Black Friday, i a les quals cada vegada se sumen m\u00e9s comer\u00e7os de la nostra ciutat, que es prolonguen des de diversos dies abans del 23 de novembre en alguns barris.<\/p><\/blockquote>\n<p>&nbsp;<\/p>\n<p>En concret, durant tota la setmana pr\u00e8via, els establiments de l&#8217;avinguda de Novelda oferiran als seus clients diversos descomptes, aix\u00ed com tamb\u00e9 duran a terme les promocions especials als carrers Diagonal-Nit de L\u2019Alb\u00e0.<\/p>\n<p>Ja es troben a la disposici\u00f3 de tots els comerciants interessats a aconseguir un cartell de forma gratu\u00efta en l&#8217;oficina de l&#8217;<a href=\"https:\/\/www.elche.es\/promocion-economica\/promocion-economica\/comercio\/\" target=\"_blank\">AFIC<\/a>, i\u00a0es poden passar a recollir-los en horari de mat\u00ed.<\/p>\n<p>D&#8217;altra banda, els comer\u00e7os associats tamb\u00e9 poden aconseguir-los si els sol\u00b7liciten a trav\u00e9s dels seus representants.<\/p>\n<p>L&#8217;AFIC est\u00e0 situada al Carrer La Fira 18, Casa de la Orxata.<\/p>\n","protected":false},"excerpt":{"rendered":"<p>La Regidoria de Promoci\u00f3 Econ\u00f2mica col\u00b7labora en les campanyes comercials que s&#8217;organitzen amb motiu de la celebraci\u00f3 de l&#8217;anomenat Black Friday, i a les quals cada vegada se sumen m\u00e9s [&hellip;]<\/p>\n","protected":false},"author":15,"featured_media":74451,"comment_status":"closed","ping_status":"closed","sticky":false,"template":"","format":"standard","meta":{"footnotes":""},"categories":[183],"tags":[1982],"class_list":["post-74461","post","type-post","status-publish","format-standard","has-post-thumbnail","hentry","category-pomocio-economica","tag-promocion-economica-va"],"_links":{"self":[{"href":"https:\/\/www.elche.es\/va\/wp-json\/wp\/v2\/posts\/74461","targetHints":{"allow":["GET"]}}],"collection":[{"href":"https:\/\/www.elche.es\/va\/wp-json\/wp\/v2\/posts"}],"about":[{"href":"https:\/\/www.elche.es\/va\/wp-json\/wp\/v2\/types\/post"}],"author":[{"embeddable":true,"href":"https:\/\/www.elche.es\/va\/wp-json\/wp\/v2\/users\/15"}],"replies":[{"embeddable":true,"href":"https:\/\/www.elche.es\/va\/wp-json\/wp\/v2\/comments?post=74461"}],"version-history":[{"count":0,"href":"https:\/\/www.elche.es\/va\/wp-json\/wp\/v2\/posts\/74461\/revisions"}],"wp:featuredmedia":[{"embeddable":true,"href":"https:\/\/www.elche.es\/va\/wp-json\/wp\/v2\/media\/74451"}],"wp:attachment":[{"href":"https:\/\/www.elche.es\/va\/wp-json\/wp\/v2\/media?parent=74461"}],"wp:term":[{"taxonomy":"category","embeddable":true,"href":"https:\/\/www.elche.es\/va\/wp-json\/wp\/v2\/categories?post=74461"},{"taxonomy":"post_tag","embeddable":true,"href":"https:\/\/www.elche.es\/va\/wp-json\/wp\/v2\/tags?post=74461"}],"curies":[{"name":"wp","href":"https:\/\/api.w.org\/{rel}","templated":true}]}}