{"id":75955,"date":"2018-12-03T12:29:30","date_gmt":"2018-12-03T11:29:30","guid":{"rendered":"http:\/\/www.elche.es\/va\/?p=75955"},"modified":"2018-12-03T12:29:30","modified_gmt":"2018-12-03T11:29:30","slug":"desembre-el-matrimoni-disabel-ii-els-moros-i-cristians-i-la-vinguda-de-la-verge-programa-de-funcions","status":"publish","type":"post","link":"https:\/\/www.elche.es\/va\/2018\/12\/desembre-el-matrimoni-disabel-ii-els-moros-i-cristians-i-la-vinguda-de-la-verge-programa-de-funcions\/","title":{"rendered":"Desembre: El matrimoni d&#8217;Isabel II, els Moros i Cristians i la Vinguda de la Verge. Programa de funcions."},"content":{"rendered":"<div class=\"wpb-content-wrapper\"><p>[vc_row][vc_column]\r\n        <p>\r\n        <span class=\"enlaces-titulo\"> AHME. Sig. b 256-58 <\/span> <span><a class=\"enlaces-link\" target='_blank'href=\"https:\/\/www.elche.es\/wp-content\/uploads\/2018\/12\/b256-58pdf.pdf \">Veure enlla\u00e7<\/a><\/span>\r\n        <br>\r\n        <span class=\"enlaces-descripcion\"><\/span>\r\n        <\/p>\r\n        <hr class=\"enlaces-separador\">\r\n        [\/vc_column][\/vc_row][vc_row][vc_column][vc_column_text]<\/p>\n<p style=\"text-align: justify\"><a href=\"https:\/\/www.elche.es\/wp-content\/uploads\/2018\/12\/b256-058.-1p.jpg\"><img loading=\"lazy\" decoding=\"async\" class=\"alignleft size-medium wp-image-75940\" src=\"https:\/\/www.elche.es\/wp-content\/uploads\/2018\/12\/b256-058.-1p-213x300.jpg\" alt=\"b256-058. (1)p\" width=\"213\" height=\"300\" srcset=\"https:\/\/www.elche.es\/wp-content\/uploads\/2018\/12\/b256-058.-1p-213x300.jpg 213w, https:\/\/www.elche.es\/wp-content\/uploads\/2018\/12\/b256-058.-1p.jpg 300w\" sizes=\"auto, (max-width: 213px) 100vw, 213px\" \/><\/a>El 10 d&#8217;octubre de 1846 es va celebrar en el sal\u00f3 del tron del Palau Reial de Madrid un doble enlla\u00e7 matrimonial: el de la reina Isabel II amb Francesc d&#8217;Ass\u00eds Maria, duc de Cadis, i el de la infanta Llu\u00efsa Fernanda amb el duc de Montpensier, Antoni d&#8217;Orleans.<\/p>\n<p style=\"text-align: justify\">Els actes en el seu honor, que van tenir lloc en la nostra ciutat, no es van celebrar fins dos mesos m\u00e9s tard, al desembre, i coincidint amb les festes de la Vinguda de la Verge, els dies 27, 28 i 29, encara que el dia 26 van ser anunciades per un ban reial, tret d&#8217;artilleria i enarborat de bandera nacional, a m\u00e9s de bou de corda pels carrers.<\/p>\n<p style=\"text-align: justify\">El programa d&#8217;aquests actes va ser impr\u00e9s per la impremta de Mat\u00edas Santamar\u00eda i recollit en la col\u00b7lecci\u00f3 <em>Tresor Hist\u00f2ric<\/em> per Pere Ibarra. L&#8217;AHME ho ha fet document del mes de desembre 2018 perqu\u00e8 arreplega aspectes molt interessants d&#8217;aquestes celebracions que s&#8217;uneixen en una mateixa data i volem posar l&#8217;accent en tres d&#8217;ells:<\/p>\n<p style=\"text-align: justify\">-l&#8217;exercici de la caritat<\/p>\n<p style=\"text-align: justify\">-les not\u00edcies de la Vinguda de la Verge<\/p>\n<p style=\"text-align: justify\">-i les comparses de moros i cristians.<\/p>\n<p style=\"text-align: justify\">A m\u00e9s de nombrosos festejos com balls de m\u00e0scares, focs artificials, m\u00fasica, globus aerost\u00e0tics o adornar l&#8217;Ajuntament, l&#8217;esgl\u00e9sia de Santa Maria i, fins i tot, la l\u00e0pida de la Constituci\u00f3, els actes comen\u00e7arien el dia 27 amb la celebraci\u00f3 d&#8217;un ted\u00e8um cantat per aficionats descobrint-se un retrat de la reina. Aquestes celebracions es feien extensibles a les persones m\u00e9s desfavorides exercint la caritat mitjan\u00e7ant la realitzaci\u00f3 de sorteigs, per exemple: dotze vestits per a dotze pobres, trenta-sis mocadors de baieta per a sengles v\u00eddues pobres, d\u00edhuit mocadors de baieta per a altres xiques pobres, per als joves proletaris divuit mantes, i vint-i-tres capotets per a orfes, entre altres peces i sorteigs. Tamb\u00e9 es beneficiaven l&#8217;hospital o les monges de l&#8217;Encarnaci\u00f3 i es va donar a menjar a cent pobres en el pati de l&#8217;audi\u00e8ncia del jutjat.<\/p>\n<p style=\"text-align: justify\">El dia 28, el m\u00e9s beneficiat era l&#8217;Hospital de Caritat, cap a on desfilaven les autoritats precedides per la banda de m\u00fasica per fer el lliurament de mantes, embenatges i llen\u00e7ols, llits complets i llen\u00e7os. I el dia 29 li corresponia la caritat als presos, a qui se&#8217;ls servia en la pres\u00f3 un abundant menjar, aix\u00f2 s\u00ed, sense sorteig.<\/p>\n<p style=\"text-align: justify\">\u00c9s cert que ja s&#8217;ha plantejat la celebraci\u00f3 de moros i cristians en les festes de la Vinguda de la Verge. En aquest sentit, podem remetre a l&#8217;obra de Joan Casta\u00f1o<em>Les festes d&#8217;Elx<a href=\"#_ftn1\" name=\"_ftnref1\"><strong>[1]<\/strong><\/a><\/em> en qu\u00e8arreplegaalguns testimonis o <em>El Llibre d\u2019En Francesc Torres<\/em>editat per Manuela Mas<a href=\"#_ftn2\" name=\"_ftnref2\">[2]<\/a>. En aquest cas,l\u2019AHME hofa patent a trav\u00e9s del programa original d\u2019aquesta celebraci\u00f3 m\u00faltiple conservada en la col\u00b7lecci\u00f3 <em>Tresor Hist\u00f2ric<\/em>.<\/p>\n<p style=\"text-align: justify\">No especificant si \u00e9s per la celebraci\u00f3 pels enlla\u00e7os o per les festes de la Vinguda de la Verge el dia 27 hi ha una process\u00f3 c\u00edvica amb diferents carros triomfals i comparses, com per exemple la de turcs. Tancava la desfilada de totes les comparses la corresponent als cristians. Una vegada acabada aquesta desfilada, comen\u00e7ava el combat entre moros i cristians en qu\u00e8 perdien aquests \u00faltims el castell constru\u00eft en la pla\u00e7a de la Constituci\u00f3 i en prenien possessi\u00f3 els moros.<\/p>\n<p style=\"text-align: justify\">L&#8217;endem\u00e0, despr\u00e9s d&#8217;una altra desfilada de carros triomfals i comparses, tindria lloc el segon i definitiu combat pel qual els cristians recobrarien el castell perdut el dia anterior.<\/p>\n<p style=\"text-align: justify\">L&#8217;any del qual estem parlant, 1846, no es diu res de la figura del guardacostes Cant\u00f3 ni s&#8217;esmenta cap representaci\u00f3 sobre aquest tema. Per\u00f2 s\u00ed que \u00e9s clar que el dia 29 t\u00e9 lloc la solemne funci\u00f3 en Santa Maria per la Vinguda de la seua Patrona, com \u00abcelebra anualment aquesta Vila\u00bb, el discurs ser\u00e0 al\u00b7lusiu a la funci\u00f3 religiosa del dia i a l&#8217;enlla\u00e7 de la reina. De nou, en aquest dia de la Vinguda es reuniran totes les comparses i carros triomfals i eixiran en process\u00f3, en aquest cas religiosa, ja que acompanyaran la imatge de la Verge de l&#8217;Assumpci\u00f3.<\/p>\n<p style=\"text-align: justify\">Les festes de la Vinguda de la Verge en 1846 van tenir per tant un car\u00e0cter especial en coincidir amb la celebraci\u00f3 de l&#8217;enlla\u00e7 matrimonial d&#8217;Isabel II. \u00c9s per aix\u00f2 que en aquests dies de festejos, els ve\u00efns es van encarregar d&#8217;engalanar la ciutat i els malalts que aquells dies estaven ingressats en l&#8217;Hospital van menjar olla de gallina.<\/p>\n<p style=\"text-align: justify\"><a href=\"#_ftnref1\" name=\"_ftn1\">[1]<\/a>CASTA\u00d1O, Joan: <em>Les festesd\u2019Elx des de la historia<\/em>. [Alacant], Institut de Cultura Juan Gil Albert, [2010].<\/p>\n<p style=\"text-align: justify\"><a href=\"#_ftnref2\" name=\"_ftn2\">[2]<\/a>TORRES, Francesc: <em>El llibre d\u2019En Francesc Torres: Hechos memorables acaecidos en Elche en 1865<\/em>. Edici\u00f3 a cura de Manuela Mas Gonz\u00e0lvez. Elx, Institut Municipal de Cultura, DL 2004.<\/p>\n<p>[\/vc_column_text][\/vc_column][\/vc_row]<\/p>\n<\/div>","protected":false},"excerpt":{"rendered":"<p>[vc_row][vc_column][\/vc_column][\/vc_row][vc_row][vc_column][vc_column_text] El 10 d&#8217;octubre de 1846 es va celebrar en el sal\u00f3 del tron del Palau Reial de Madrid un doble enlla\u00e7 matrimonial: el de la reina Isabel II amb [&hellip;]<\/p>\n","protected":false},"author":131,"featured_media":75960,"comment_status":"closed","ping_status":"closed","sticky":false,"template":"","format":"standard","meta":{"footnotes":""},"categories":[192,193],"tags":[450,1177,1584,619],"class_list":["post-75955","post","type-post","status-publish","format-standard","has-post-thumbnail","hentry","category-arxiu","category-cultura-va","tag-ahme-va","tag-cultura-va","tag-historia-de-elche-va","tag-venida-de-la-virgen-va"],"_links":{"self":[{"href":"https:\/\/www.elche.es\/va\/wp-json\/wp\/v2\/posts\/75955","targetHints":{"allow":["GET"]}}],"collection":[{"href":"https:\/\/www.elche.es\/va\/wp-json\/wp\/v2\/posts"}],"about":[{"href":"https:\/\/www.elche.es\/va\/wp-json\/wp\/v2\/types\/post"}],"author":[{"embeddable":true,"href":"https:\/\/www.elche.es\/va\/wp-json\/wp\/v2\/users\/131"}],"replies":[{"embeddable":true,"href":"https:\/\/www.elche.es\/va\/wp-json\/wp\/v2\/comments?post=75955"}],"version-history":[{"count":0,"href":"https:\/\/www.elche.es\/va\/wp-json\/wp\/v2\/posts\/75955\/revisions"}],"wp:featuredmedia":[{"embeddable":true,"href":"https:\/\/www.elche.es\/va\/wp-json\/wp\/v2\/media\/75960"}],"wp:attachment":[{"href":"https:\/\/www.elche.es\/va\/wp-json\/wp\/v2\/media?parent=75955"}],"wp:term":[{"taxonomy":"category","embeddable":true,"href":"https:\/\/www.elche.es\/va\/wp-json\/wp\/v2\/categories?post=75955"},{"taxonomy":"post_tag","embeddable":true,"href":"https:\/\/www.elche.es\/va\/wp-json\/wp\/v2\/tags?post=75955"}],"curies":[{"name":"wp","href":"https:\/\/api.w.org\/{rel}","templated":true}]}}