{"id":76055,"date":"2018-12-03T14:40:00","date_gmt":"2018-12-03T13:40:00","guid":{"rendered":"http:\/\/www.elche.es\/va\/?p=76055"},"modified":"2018-12-03T14:40:00","modified_gmt":"2018-12-03T13:40:00","slug":"passeig-saludable-el-pinet","status":"publish","type":"post","link":"https:\/\/www.elche.es\/va\/2018\/12\/passeig-saludable-el-pinet\/","title":{"rendered":"Passeig saludable el Pinet"},"content":{"rendered":"<div dir=\"auto\"><span class=\"gmail_default\">Divendres, dia 30 de novembre,\u00a0 amb motiu dels passejos saludables, a les 9.30 en la passarel\u00b7la vam emprendre cam\u00ed cap al Pinet, on vam poder gaudir d&#8217;un meravell\u00f3s mat\u00ed . <\/span><\/div>\n<blockquote>\n<div dir=\"auto\"><span class=\"gmail_default\"><img loading=\"lazy\" decoding=\"async\" class=\"size-medium wp-image-76049 aligncenter\" src=\"https:\/\/www.elche.es\/wp-content\/uploads\/2018\/12\/WhatsApp-Image-2018-11-30-at-12.57.19-2-300x225.jpeg\" alt=\"WhatsApp Image 2018-11-30 at 12.57.19 (2)\" width=\"300\" height=\"225\" srcset=\"https:\/\/www.elche.es\/wp-content\/uploads\/2018\/12\/WhatsApp-Image-2018-11-30-at-12.57.19-2-300x225.jpeg 300w, https:\/\/www.elche.es\/wp-content\/uploads\/2018\/12\/WhatsApp-Image-2018-11-30-at-12.57.19-2-768x576.jpeg 768w, https:\/\/www.elche.es\/wp-content\/uploads\/2018\/12\/WhatsApp-Image-2018-11-30-at-12.57.19-2-1024x768.jpeg 1024w, https:\/\/www.elche.es\/wp-content\/uploads\/2018\/12\/WhatsApp-Image-2018-11-30-at-12.57.19-2.jpeg 1600w\" sizes=\"auto, (max-width: 300px) 100vw, 300px\" \/><\/span><\/div>\n<div dir=\"auto\">Un total de 45 persones (27 dones i 18 homes) visitem l&#8217;observatori d&#8217;ocells, la pineda i com no, la platja.<\/div>\n<\/blockquote>\n<div dir=\"auto\">Els raigs del sol han sigut ideals per a\u00a0 calfar-nos el cos i acomiadar el mes de novembre.<\/div>\n<div><img loading=\"lazy\" decoding=\"async\" class=\"alignnone size-medium wp-image-76051 aligncenter\" src=\"https:\/\/www.elche.es\/wp-content\/uploads\/2018\/12\/WhatsApp-Image-2018-11-30-at-12.57.21-225x300.jpeg\" alt=\"WhatsApp Image 2018-11-30 at 12.57.21\" width=\"225\" height=\"300\" srcset=\"https:\/\/www.elche.es\/wp-content\/uploads\/2018\/12\/WhatsApp-Image-2018-11-30-at-12.57.21-225x300.jpeg 225w, https:\/\/www.elche.es\/wp-content\/uploads\/2018\/12\/WhatsApp-Image-2018-11-30-at-12.57.21-768x1024.jpeg 768w, https:\/\/www.elche.es\/wp-content\/uploads\/2018\/12\/WhatsApp-Image-2018-11-30-at-12.57.21.jpeg 1200w\" sizes=\"auto, (max-width: 225px) 100vw, 225px\" \/><\/div>\n<div>Recordem que els passejos saludables \u00e9s una activitat oberta a tot el p\u00fablic i gratu\u00efta.<br \/>\nUs esperem!<\/div>\n","protected":false},"excerpt":{"rendered":"<p>Divendres, dia 30 de novembre,\u00a0 amb motiu dels passejos saludables, a les 9.30 en la passarel\u00b7la vam emprendre cam\u00ed cap al Pinet, on vam poder gaudir d&#8217;un meravell\u00f3s mat\u00ed . [&hellip;]<\/p>\n","protected":false},"author":15,"featured_media":76047,"comment_status":"closed","ping_status":"closed","sticky":false,"template":"","format":"standard","meta":{"footnotes":""},"categories":[190],"tags":[],"class_list":["post-76055","post","type-post","status-publish","format-standard","has-post-thumbnail","hentry","category-drets-socials"],"_links":{"self":[{"href":"https:\/\/www.elche.es\/va\/wp-json\/wp\/v2\/posts\/76055","targetHints":{"allow":["GET"]}}],"collection":[{"href":"https:\/\/www.elche.es\/va\/wp-json\/wp\/v2\/posts"}],"about":[{"href":"https:\/\/www.elche.es\/va\/wp-json\/wp\/v2\/types\/post"}],"author":[{"embeddable":true,"href":"https:\/\/www.elche.es\/va\/wp-json\/wp\/v2\/users\/15"}],"replies":[{"embeddable":true,"href":"https:\/\/www.elche.es\/va\/wp-json\/wp\/v2\/comments?post=76055"}],"version-history":[{"count":0,"href":"https:\/\/www.elche.es\/va\/wp-json\/wp\/v2\/posts\/76055\/revisions"}],"wp:featuredmedia":[{"embeddable":true,"href":"https:\/\/www.elche.es\/va\/wp-json\/wp\/v2\/media\/76047"}],"wp:attachment":[{"href":"https:\/\/www.elche.es\/va\/wp-json\/wp\/v2\/media?parent=76055"}],"wp:term":[{"taxonomy":"category","embeddable":true,"href":"https:\/\/www.elche.es\/va\/wp-json\/wp\/v2\/categories?post=76055"},{"taxonomy":"post_tag","embeddable":true,"href":"https:\/\/www.elche.es\/va\/wp-json\/wp\/v2\/tags?post=76055"}],"curies":[{"name":"wp","href":"https:\/\/api.w.org\/{rel}","templated":true}]}}