{"id":7681,"date":"2016-11-08T09:31:53","date_gmt":"2016-11-08T09:31:53","guid":{"rendered":"http:\/\/www.elche.es\/va\/?p=7681"},"modified":"2016-11-14T09:44:18","modified_gmt":"2016-11-14T09:44:18","slug":"layuntamiento-delx-presenta-el-ii-congres-de-terapia-interfamiliar","status":"publish","type":"post","link":"https:\/\/www.elche.es\/va\/2016\/11\/layuntamiento-delx-presenta-el-ii-congres-de-terapia-interfamiliar\/","title":{"rendered":"L&#8217;Ajuntament d&#8217;Elx presenta el II Congr\u00e9s de Ter\u00e0pia Interfamiliar"},"content":{"rendered":"<div class=\"wpb-content-wrapper\"><p>[vc_row][vc_column][vc_column_text]<\/p>\n<p class=\"western\">La regidora de Benestar Social, Tere Maci\u00e0, i el president del Centre de Ter\u00e0pia Interfamiliar, Javier Sempere, han presentat la segona edici\u00f3 del Congr\u00e9s de Ter\u00e0pia Interfamiliar (CTI), que se celebrar\u00e0 durant els dies17, 18 i 19 de novembre en l\u2019hotel<em> Huerto del Cura<\/em>.<\/p>\n<p class=\"western\">\u201c\u00c9s una gran oportunitat per a con\u00e9ixer de prop els nous models d\u2019intervenci\u00f3 en els servicis socials\u201d, ha indicat Tere Maci\u00e0 i ha ressaltat el treball que realitza el CTI amb les persones amb problemes emocionals, de conducta i psicol\u00f2gics de la nostra zona i amb els seus familiars.<\/p>\n<p class=\"western\">El congr\u00e9s tindr\u00e0 una din\u00e0mica pr\u00e0ctica, de manera que les fam\u00edlies i els professionals de la salut mental treballen en equip per mitj\u00e0 de nombroses activitats. \u201cLes fam\u00edlies juguen un paper important en el tractament de les persones que ho necessiten, per aix\u00f2 han de cooperar en les activitats\u201d, ha explicat Javier Sempere.<\/p>\n<p class=\"western\">La inscripci\u00f3 a este congr\u00e9s t\u00e9 un cost de 50 euros, amb un 50% de descompte per a socis de l\u2019Associaci\u00f3 Salut Mental i <em>Kyma<\/em>, estudiants menors de 26 anys, parats i jubilats, i pot fer-se a pel correu electr\u00f2nic congresointerfamiliar@gmail.com.<\/p>\n<p>&nbsp;<\/p>\n<p>[\/vc_column_text][vc_images_carousel images=&#8221;7696&#8243; hide_pagination_control=&#8221;yes&#8221; wrap=&#8221;yes&#8221; css=&#8221;.vc_custom_1479115776173{padding-top: 20px !important;}&#8221;][\/vc_column][\/vc_row]<\/p>\n<\/div>","protected":false},"excerpt":{"rendered":"<p>[vc_row][vc_column][vc_column_text] La regidora de Benestar Social, Tere Maci\u00e0, i el president del Centre de Ter\u00e0pia Interfamiliar, Javier Sempere, han presentat la segona edici\u00f3 del Congr\u00e9s de Ter\u00e0pia Interfamiliar (CTI), que [&hellip;]<\/p>\n","protected":false},"author":131,"featured_media":7705,"comment_status":"closed","ping_status":"closed","sticky":false,"template":"","format":"standard","meta":{"footnotes":""},"categories":[190],"tags":[],"class_list":["post-7681","post","type-post","status-publish","format-standard","has-post-thumbnail","hentry","category-drets-socials"],"_links":{"self":[{"href":"https:\/\/www.elche.es\/va\/wp-json\/wp\/v2\/posts\/7681","targetHints":{"allow":["GET"]}}],"collection":[{"href":"https:\/\/www.elche.es\/va\/wp-json\/wp\/v2\/posts"}],"about":[{"href":"https:\/\/www.elche.es\/va\/wp-json\/wp\/v2\/types\/post"}],"author":[{"embeddable":true,"href":"https:\/\/www.elche.es\/va\/wp-json\/wp\/v2\/users\/131"}],"replies":[{"embeddable":true,"href":"https:\/\/www.elche.es\/va\/wp-json\/wp\/v2\/comments?post=7681"}],"version-history":[{"count":0,"href":"https:\/\/www.elche.es\/va\/wp-json\/wp\/v2\/posts\/7681\/revisions"}],"wp:featuredmedia":[{"embeddable":true,"href":"https:\/\/www.elche.es\/va\/wp-json\/wp\/v2\/media\/7705"}],"wp:attachment":[{"href":"https:\/\/www.elche.es\/va\/wp-json\/wp\/v2\/media?parent=7681"}],"wp:term":[{"taxonomy":"category","embeddable":true,"href":"https:\/\/www.elche.es\/va\/wp-json\/wp\/v2\/categories?post=7681"},{"taxonomy":"post_tag","embeddable":true,"href":"https:\/\/www.elche.es\/va\/wp-json\/wp\/v2\/tags?post=7681"}],"curies":[{"name":"wp","href":"https:\/\/api.w.org\/{rel}","templated":true}]}}