{"id":7707,"date":"2016-11-08T09:36:05","date_gmt":"2016-11-08T09:36:05","guid":{"rendered":"http:\/\/www.elche.es\/va\/2016\/11\/08\/mapping-party-umh-cap4access\/"},"modified":"2016-11-14T09:40:08","modified_gmt":"2016-11-14T09:40:08","slug":"mapping-party-umh-cap4access","status":"publish","type":"post","link":"https:\/\/www.elche.es\/va\/2016\/11\/mapping-party-umh-cap4access\/","title":{"rendered":"Mapping party UMH- CAP4access"},"content":{"rendered":"<p>El 24 d\u2019octubre\u00a0estudiants del Grau de Ter\u00e0pia Ocupacional de la Universitat Miguel Hern\u00e1ndez d\u2019Elx etiquetaren l\u2019accessibilitat del campus de la Universitat Miguel Hern\u00e1ndez.<\/p>\n<p>La jornada comen\u00e7\u00e0 explicant l\u2019objectiu i els resultats del projecte per part de membres de l\u2019equip <em>de CAP4access<\/em> de l\u2019Ajuntament d\u2019Elx i de l\u2019Institut Polibenestar de la Universitat de Val\u00e8ncia.<\/p>\n<p>Despr\u00e9s, 80 estudiants de l\u2019assignatura d\u2019Ergonomia i Aplicaci\u00f3 de Noves Tecnologies (alguns prove\u00efts amb\u00a0cadires de rodes i bastons) visitaren alguns dels edificis del campus i, usant les <em>apps Wheelmap<\/em> i <em>Obstacle Tracker<\/em>, n\u2019etiquetaren l\u2019accessibilitat per a persones amb mobilitat redu\u00efda i assenyalaren els diferents obstacles trobats.<\/p>\n<p class=\"western\">\n","protected":false},"excerpt":{"rendered":"<p>El 24 d\u2019octubre\u00a0estudiants del Grau de Ter\u00e0pia Ocupacional de la Universitat Miguel Hern\u00e1ndez d\u2019Elx etiquetaren l\u2019accessibilitat del campus de la Universitat Miguel Hern\u00e1ndez. La jornada comen\u00e7\u00e0 explicant l\u2019objectiu i els [&hellip;]<\/p>\n","protected":false},"author":131,"featured_media":7704,"comment_status":"closed","ping_status":"closed","sticky":false,"template":"","format":"standard","meta":{"footnotes":""},"categories":[190],"tags":[],"class_list":["post-7707","post","type-post","status-publish","format-standard","has-post-thumbnail","hentry","category-drets-socials"],"_links":{"self":[{"href":"https:\/\/www.elche.es\/va\/wp-json\/wp\/v2\/posts\/7707","targetHints":{"allow":["GET"]}}],"collection":[{"href":"https:\/\/www.elche.es\/va\/wp-json\/wp\/v2\/posts"}],"about":[{"href":"https:\/\/www.elche.es\/va\/wp-json\/wp\/v2\/types\/post"}],"author":[{"embeddable":true,"href":"https:\/\/www.elche.es\/va\/wp-json\/wp\/v2\/users\/131"}],"replies":[{"embeddable":true,"href":"https:\/\/www.elche.es\/va\/wp-json\/wp\/v2\/comments?post=7707"}],"version-history":[{"count":0,"href":"https:\/\/www.elche.es\/va\/wp-json\/wp\/v2\/posts\/7707\/revisions"}],"wp:featuredmedia":[{"embeddable":true,"href":"https:\/\/www.elche.es\/va\/wp-json\/wp\/v2\/media\/7704"}],"wp:attachment":[{"href":"https:\/\/www.elche.es\/va\/wp-json\/wp\/v2\/media?parent=7707"}],"wp:term":[{"taxonomy":"category","embeddable":true,"href":"https:\/\/www.elche.es\/va\/wp-json\/wp\/v2\/categories?post=7707"},{"taxonomy":"post_tag","embeddable":true,"href":"https:\/\/www.elche.es\/va\/wp-json\/wp\/v2\/tags?post=7707"}],"curies":[{"name":"wp","href":"https:\/\/api.w.org\/{rel}","templated":true}]}}