{"id":7723,"date":"2016-11-08T09:45:33","date_gmt":"2016-11-08T09:45:33","guid":{"rendered":"http:\/\/www.elche.es\/va\/2016\/11\/08\/votacion-de-propuestas-del-pressupost-participatiu\/"},"modified":"2016-11-16T10:09:13","modified_gmt":"2016-11-16T10:09:13","slug":"votacio-de-propostes-del-pressupost-participatiu","status":"publish","type":"post","link":"https:\/\/www.elche.es\/va\/2016\/11\/votacio-de-propostes-del-pressupost-participatiu\/","title":{"rendered":"Votaci\u00f3 de propostes del &#8216;Pressupost Participatiu&#8217;"},"content":{"rendered":"<p>Tota la ciutadania d&#8217;Elx major de 16 anys podr\u00e0 votar per les propostes presentades en la seua zona. La votaci\u00f3 es realitzar\u00e0 d&#8217;acord al principi d&#8217;una persona un vot, sent aquest de car\u00e0cter personal i intransferible.<\/p>\n<p>El vot es pot realitzar online a trav\u00e9s de la plataforma de votaci\u00f3 o de forma presencial en les oficines de la Xarxa OMAC. El sistema garanteix que cada persona puga votar una \u00fanica vegada.<\/p>\n<p><em><strong><a href=\"https:\/\/aplicaciones.elche.es\/PresuParticipativos\/index.aspx\" target=\"_blank\">Enlla\u00e7 a la plataforma per a votar la proposta <\/a><\/strong><\/em><\/p>\n<p><em><strong><a href=\"https:\/\/drive.google.com\/file\/d\/0BwGkokjQQlAhNG44Q2JrdmpzUW8\/view?usp=sharing\" target=\"_blank\">Enlla\u00e7 a les propostes per zona <\/a><\/strong><\/em><\/p>\n","protected":false},"excerpt":{"rendered":"<p>Tota la ciutadania d&#8217;Elx major de 16 anys podr\u00e0 votar per les propostes presentades en la seua zona. La votaci\u00f3 es realitzar\u00e0 d&#8217;acord al principi d&#8217;una persona un vot, sent [&hellip;]<\/p>\n","protected":false},"author":131,"featured_media":7720,"comment_status":"closed","ping_status":"closed","sticky":false,"template":"","format":"standard","meta":{"footnotes":""},"categories":[208],"tags":[],"class_list":["post-7723","post","type-post","status-publish","format-standard","has-post-thumbnail","hentry","category-participacio-ciutadana-va"],"_links":{"self":[{"href":"https:\/\/www.elche.es\/va\/wp-json\/wp\/v2\/posts\/7723","targetHints":{"allow":["GET"]}}],"collection":[{"href":"https:\/\/www.elche.es\/va\/wp-json\/wp\/v2\/posts"}],"about":[{"href":"https:\/\/www.elche.es\/va\/wp-json\/wp\/v2\/types\/post"}],"author":[{"embeddable":true,"href":"https:\/\/www.elche.es\/va\/wp-json\/wp\/v2\/users\/131"}],"replies":[{"embeddable":true,"href":"https:\/\/www.elche.es\/va\/wp-json\/wp\/v2\/comments?post=7723"}],"version-history":[{"count":0,"href":"https:\/\/www.elche.es\/va\/wp-json\/wp\/v2\/posts\/7723\/revisions"}],"wp:featuredmedia":[{"embeddable":true,"href":"https:\/\/www.elche.es\/va\/wp-json\/wp\/v2\/media\/7720"}],"wp:attachment":[{"href":"https:\/\/www.elche.es\/va\/wp-json\/wp\/v2\/media?parent=7723"}],"wp:term":[{"taxonomy":"category","embeddable":true,"href":"https:\/\/www.elche.es\/va\/wp-json\/wp\/v2\/categories?post=7723"},{"taxonomy":"post_tag","embeddable":true,"href":"https:\/\/www.elche.es\/va\/wp-json\/wp\/v2\/tags?post=7723"}],"curies":[{"name":"wp","href":"https:\/\/api.w.org\/{rel}","templated":true}]}}