{"id":7746,"date":"2016-11-09T10:53:18","date_gmt":"2016-11-09T10:53:18","guid":{"rendered":"http:\/\/www.elche.es\/va\/2016\/11\/09\/el-ayuntamiento-se-vuelca-en-la-promocion-del-pequeno-comercio\/"},"modified":"2016-11-14T11:01:19","modified_gmt":"2016-11-14T11:01:19","slug":"el-ajuntament-dona-suport-a-la-promocio-del-xicotet-comerc","status":"publish","type":"post","link":"https:\/\/www.elche.es\/va\/2016\/11\/el-ajuntament-dona-suport-a-la-promocio-del-xicotet-comerc\/","title":{"rendered":"L&#8217;Ajuntament d\u00f3na el seu suport a la promoci\u00f3 del xicotet comer\u00e7"},"content":{"rendered":"<p>El alcalde, Carlos Gonz\u00e1lez, ha firmat este mat\u00ed un conveni amb els representants de les quatre associacions de xicotets comerciants de la ciutat a fi d\u2019impulsar este sector.<\/p>\n<p>\u201cL\u2019objectiu d\u2019este acord, la duraci\u00f3 del qual seria un any natural prorrogable, \u00e9s l\u2019establiment de les condicions de col\u00b7laboraci\u00f3 entre els intervinents per a la realitzaci\u00f3 de projectes que es duguen a terme en mat\u00e8ria de: desenrotllament de campanyes de dinamitzaci\u00f3 i promoci\u00f3 comercial en tots els barris; activitats d\u2019assessorament, formaci\u00f3 i informaci\u00f3 als professionals del sector i estudis i an\u00e0lisis amb vista a implementar el Pla d\u2019Acci\u00f3 Comercial d\u2019Elx\u201d, ha indicat Carlos Gonz\u00e1lez.<\/p>\n<p class=\"textoindependiente21\">Tal i com ha recordat l\u2019alcalde, el Consell de Desenvolupament Comercial d&#8217;Elx impuls\u00e0, en la seua sessi\u00f3 constitutiva, la creaci\u00f3 de dos Meses de Treball, amb la intenci\u00f3 de treballar de forma multidisciplinar i coordinada\u00a0 en el marc d\u2019una estrat\u00e8gia encaminada a tornar a posicionar fortament el xicotet comer\u00e7 de la ciutat dintre de la nostra economia local.<\/p>\n<p>Concretament, es cre\u00e0 la Mesa de Treball d\u2019Associacions del xicotet comer\u00e7 per a posar en marxa iniciatives encaminades a la revitalitzaci\u00f3 i el creixement de les diferents zones comercials de la ciutat.<\/p>\n<p>Les quatre associacions integrants, que agrupen la majoria de les botigues i els establiments d\u2019oci i restauraci\u00f3 existents en tots els barris, tenen entre els seus objectius afavorir el creixement i la qualitat de l\u2019oferta del comer\u00e7 minorista il\u00b7licit\u00e0.<\/p>\n<p class=\"textoindependiente21\">L\u2019Ajuntament i les associacions dels barris d\u2019Altabix, Carr\u00fas, Sector V i Centre, que compartixen el seu inter\u00e9s a contribuir al desenvolupament i prosperitat econ\u00f2mica i social d\u2019Elx,\u00a0 durant tot l\u2019exercici 2016 han treballat intensament, de forma cooperativa, en un gran nombre de projectes de dinamitzaci\u00f3 i promoci\u00f3 comercial.<\/p>\n<p class=\"textoindependiente21\">Per aix\u00f2, i tenint en compte el favorable resultat del treball que s\u2019est\u00e0 realitzant, fruit de l\u2019esfor\u00e7 de la Mesa, s\u2019ha considerat la conveni\u00e8ncia de seguir treballant unides pel posicionament de la ciutat d\u2019Elx com a referent comercial tant per als il\u00b7licitans com per als ciutadans de poblacions ve\u00efnes i turistes.<\/p>\n<p class=\"textoindependiente21\">En una de les reunions de la Mesa d\u2019Associacions se consensu\u00e0 el text d\u2019un conveni que formalitzaria els termes de la col\u00b7laboraci\u00f3 que ja s\u2019est\u00e0 portant a terme per a l\u2019execuci\u00f3 de totes les activitats impulsades per este \u00f2rgan de coordinaci\u00f3.<\/p>\n<p class=\"textoindependiente21\">En conseq\u00fc\u00e8ncia, la Junta de Govern Local prengu\u00e9 la decisi\u00f3 d\u2019aprovar la firma d\u2019este\u00a0 conveni marc entre l\u2019Ajuntament d\u2019Elx i les Associacions Locals del xicotet comer\u00e7, A.C. Altabix-Universitat, A.A. Av. de Novelda, NACE o A.C. La Zona 5.<\/p>\n","protected":false},"excerpt":{"rendered":"<p>El alcalde, Carlos Gonz\u00e1lez, ha firmat este mat\u00ed un conveni amb els representants de les quatre associacions de xicotets comerciants de la ciutat a fi d\u2019impulsar este sector. \u201cL\u2019objectiu d\u2019este [&hellip;]<\/p>\n","protected":false},"author":131,"featured_media":7744,"comment_status":"closed","ping_status":"closed","sticky":false,"template":"","format":"standard","meta":{"footnotes":""},"categories":[183],"tags":[],"class_list":["post-7746","post","type-post","status-publish","format-standard","has-post-thumbnail","hentry","category-pomocio-economica"],"_links":{"self":[{"href":"https:\/\/www.elche.es\/va\/wp-json\/wp\/v2\/posts\/7746","targetHints":{"allow":["GET"]}}],"collection":[{"href":"https:\/\/www.elche.es\/va\/wp-json\/wp\/v2\/posts"}],"about":[{"href":"https:\/\/www.elche.es\/va\/wp-json\/wp\/v2\/types\/post"}],"author":[{"embeddable":true,"href":"https:\/\/www.elche.es\/va\/wp-json\/wp\/v2\/users\/131"}],"replies":[{"embeddable":true,"href":"https:\/\/www.elche.es\/va\/wp-json\/wp\/v2\/comments?post=7746"}],"version-history":[{"count":0,"href":"https:\/\/www.elche.es\/va\/wp-json\/wp\/v2\/posts\/7746\/revisions"}],"wp:featuredmedia":[{"embeddable":true,"href":"https:\/\/www.elche.es\/va\/wp-json\/wp\/v2\/media\/7744"}],"wp:attachment":[{"href":"https:\/\/www.elche.es\/va\/wp-json\/wp\/v2\/media?parent=7746"}],"wp:term":[{"taxonomy":"category","embeddable":true,"href":"https:\/\/www.elche.es\/va\/wp-json\/wp\/v2\/categories?post=7746"},{"taxonomy":"post_tag","embeddable":true,"href":"https:\/\/www.elche.es\/va\/wp-json\/wp\/v2\/tags?post=7746"}],"curies":[{"name":"wp","href":"https:\/\/api.w.org\/{rel}","templated":true}]}}