{"id":77464,"date":"2019-01-01T12:00:22","date_gmt":"2019-01-01T11:00:22","guid":{"rendered":"http:\/\/www.elche.es\/va\/?p=77464"},"modified":"2018-12-20T13:05:30","modified_gmt":"2018-12-20T12:05:30","slug":"enero-informacions-sobre-el-panta-dalmansa","status":"publish","type":"post","link":"https:\/\/www.elche.es\/va\/2019\/01\/enero-informacions-sobre-el-panta-dalmansa\/","title":{"rendered":"GENER: INFORMACIONS SOBRE EL PANT\u00c0 D&#8217;ALMANSA"},"content":{"rendered":"<div class=\"wpb-content-wrapper\"><p>[vc_row][vc_column]\r\n        <p>\r\n        <span class=\"enlaces-titulo\"> AHME. Sig. H-58-39 <\/span> <span><a class=\"enlaces-link\" target='_blank'href=\"https:\/\/www.elche.es\/wp-content\/uploads\/2018\/12\/H58.pdf \">Veure enlla\u00e7<\/a><\/span>\r\n        <br>\r\n        <span class=\"enlaces-descripcion\"><\/span>\r\n        <\/p>\r\n        <hr class=\"enlaces-separador\">\r\n        [vc_column_text]<a href=\"https:\/\/www.elche.es\/wp-content\/uploads\/2018\/12\/H-58-39marcap-1.jpg\"><img loading=\"lazy\" decoding=\"async\" class=\"alignleft size-medium wp-image-77447\" src=\"https:\/\/www.elche.es\/wp-content\/uploads\/2018\/12\/H-58-39marcap-1-203x300.jpg\" alt=\"H-58-39marcap\" width=\"203\" height=\"300\" srcset=\"https:\/\/www.elche.es\/wp-content\/uploads\/2018\/12\/H-58-39marcap-1-203x300.jpg 203w, https:\/\/www.elche.es\/wp-content\/uploads\/2018\/12\/H-58-39marcap-1.jpg 300w\" sizes=\"auto, (max-width: 203px) 100vw, 203px\" \/><\/a><\/p>\n<p style=\"text-align: justify\">El mes de novembre passat de 2018 es va obrir una sendera que connecta la ciutat amb el pant\u00e0 que havia sigut demandat des de feia temps. Aquesta ruta ens retorna la mirada cap al nord del terme municipal per aquesta senda que va seguint el riu Vinalop\u00f3 cap amunt i que, partint des del Palmerar hist\u00f2ric ens porta al pant\u00e0, un lloc molt il\u00b7licit\u00e0, un cam\u00ed comunament transitat i un rac\u00f3 molt popular d&#8217;esplai.<\/p>\n<p style=\"text-align: justify\">Les primeres not\u00edcies de construcci\u00f3 del pant\u00e0 d&#8217;Elx apareixen en actes a la fi del segle XVI, seguint el model del pant\u00e0 d&#8217;Almansa que s&#8217;havia al\u00e7at recentment. Que comentem la necessitat d&#8217;aigua en aquestes terres no \u00e9s cap novetat, potser ho \u00e9s la celeritat amb qu\u00e8 el Consell va posar en marxa l&#8217;acord adoptat per a prendre l&#8217;exemple d&#8217;Almansa i fer un projecte per a poder al\u00e7ar-lo a Elx, portant diversos mestres d&#8217;obres i fins i tot a Joanes del Temple que havia treballat en l&#8217;obra de la presa almansenya.<\/p>\n<p style=\"text-align: justify\">Almansa tenia problemes amb l&#8217;escassetat d&#8217;aigua per\u00f2, tamb\u00e9, amb les avingudes que es produ\u00efen en \u00e8poques de pluja per les rambles. Sembla que els primers intents per a construir una presa que alleujara aquesta situaci\u00f3 van ser en 1530, per\u00f2 l&#8217;actual comen\u00e7a en 1578 i es realitz\u00e0 en dues fases fins a 1586<a href=\"#_ftn1\" name=\"_ftnref1\">[1]<\/a>.<\/p>\n<p style=\"text-align: justify\">Aquest pant\u00e0 va suposar una fita en la construcci\u00f3 d&#8217;obres hidr\u00e0uliques i va servir de model a altres posteriors, com la d&#8217;Elx o la de Tibi. La presa d&#8217;Almansa est\u00e0 constru\u00efda en forma d&#8217;arc, igual que la d&#8217;Elx, si b\u00e9 la d&#8217;Elx \u00e9s considerada la primera presa d&#8217;arc a Europa en sentit estricte.<\/p>\n<p style=\"text-align: justify\">El que aquestes obres d&#8217;enginyeria van transformar \u2014o van pretendre transformar\u2014 era un potencial que es perdia i perjudicava, en un benefici per a la terra i les persones. Com a obra d&#8217;enginyeria, els pantans han sigut m\u00e9s estudiats des del punt de vista de la seua construcci\u00f3, per\u00f2 acostar-nos a aquesta realitat, a les persones que se&#8217;n van beneficiar en aquella \u00e8poca \u00e9s m\u00e9s complicat perqu\u00e8 no es conserven fonts. \u00c9s per aix\u00f2 que dediquem el document del mes de gener a aquest singular exemple, a aquest acte d&#8217;informaci\u00f3 de testimonis, del que va suposar per als habitants d&#8217;Almansa la construcci\u00f3 del pant\u00e0.<\/p>\n<p style=\"text-align: justify\">El Consell d&#8217;Elx tenia inter\u00e9s per poder al\u00e7ar una presa i ja hem vist com porta els tr\u00e0mits amb celeritat. Per\u00f2 a m\u00e9s d&#8217;interessar-se per la seua construcci\u00f3 va mostrar inter\u00e9s a saber si realment el pant\u00e0 d&#8217;Almansa havia proporcionat beneficis a les persones, com era la seua vida abans i quines millores es van introduir despr\u00e9s. Aix\u00ed que aquest document tracta precisament d&#8217;aix\u00f2, de les informacions recollides per a calibrar l&#8217;inter\u00e9s que per a particulars i per a l&#8217;agricultura havia aconseguit l&#8217;edificaci\u00f3 de la presa d&#8217;Almansa.<\/p>\n<p style=\"text-align: justify\">Al setembre de 1589, Jer\u00f3nimo de Malla, en nom de la vila d&#8217;Elx, va sol\u00b7licitar a Pedro de Gayangos, alcalde ordinari de la vila d&#8217;Almansa, certa informaci\u00f3 de testimonis per a con\u00e9ixer com estava aquesta vila d&#8217;Almansa abans de construir el pant\u00e0 o estany, i quins beneficis havia aportat despr\u00e9s de cinc anys d&#8217;haver sigut al\u00e7at.<\/p>\n<p style=\"text-align: justify\">Pedro de Gayangos va prendre testimoniatge a les persones presentades per Jer\u00f3nimo Malla: Juan T\u00e1rrega, Juan Go\u00e7\u00e1lvez San Juan, Crist\u00f3bal Vicente, Miguel Mar\u00edn, regidors de la vila d&#8217;Almansa; Mart\u00edn Navarro Duarte, alcalde de la Santa Germanor; i a Mart\u00edn Herrero, tots ells ve\u00efns d&#8217;Almansa. Amb el seu testimoniatge va ser suficient per a Jer\u00f3nimo Malla, ja que van expressar de forma clara una opini\u00f3 un\u00e0nime.<\/p>\n<p style=\"text-align: justify\">I el que ells van declarar sota jurament \u00e9s que abans que es fera la presa, Almansa patia molta necessitat perqu\u00e8 l&#8217;escassetat d&#8217;aigua feia que molts llauradors deixaren de sembrar les seues terres, aix\u00ed que el pa i els fruits eren escassos i de poc profit. Despr\u00e9s de la construcci\u00f3 del pant\u00e0, s&#8217;embassava molta aigua de rambles i rierols d&#8217;aigua de pluja, d&#8217;aquesta manera, s&#8217;havia aconseguit augmentar les terres irrigades. L&#8217;embassament de les aig\u00fces no havia provocat cap perjudici per les torrentades i tarquims ni tampoc p\u00e8rdues respecte a les aig\u00fces vives d&#8217;Alpera, sobre les quals t\u00e9 drets Almansa, ni d&#8217;altres aig\u00fces vives. Tot aix\u00f2 no solament havia influ\u00eft en millors i m\u00e9s abundants collites, sin\u00f3 que tamb\u00e9 havia augmentat els delmes i rendes reals.<\/p>\n<p style=\"text-align: justify\">Aquest acte de declaraci\u00f3 de testimonis t\u00e9 data de 22 de setembre de 1589, dos mesos despr\u00e9s que el Consell manifestara l&#8217;inter\u00e9s per fer una obra com la d&#8217;Almansa per a alleujar la necessitat d&#8217;aigua, encara que no van comen\u00e7ar les obres fins a anys m\u00e9s tard, en 1632<\/p>\n<p><a href=\"#_ftnref1\" name=\"_ftn1\">[1]<\/a> Dades extretes de: https:\/\/www.almansa.com\/index.php\/almansainfo\/parajes-de-almansa\/pantano<\/p>\n<p>[\/vc_column_text][\/vc_column][\/vc_row][vc_row][vc_column][\/vc_column][\/vc_row]<\/p>\n<\/div>","protected":false},"excerpt":{"rendered":"<p>[vc_row][vc_column][vc_column_text] El mes de novembre passat de 2018 es va obrir una sendera que connecta la ciutat amb el pant\u00e0 que havia sigut demandat des de feia temps. Aquesta ruta [&hellip;]<\/p>\n","protected":false},"author":131,"featured_media":28375,"comment_status":"closed","ping_status":"closed","sticky":false,"template":"","format":"standard","meta":{"footnotes":""},"categories":[192,193],"tags":[450,2474,406,728,2475],"class_list":["post-77464","post","type-post","status-publish","format-standard","has-post-thumbnail","hentry","category-arxiu","category-cultura-va","tag-ahme-va","tag-almansa-va","tag-elche-va","tag-historia-va","tag-pantano-va"],"_links":{"self":[{"href":"https:\/\/www.elche.es\/va\/wp-json\/wp\/v2\/posts\/77464","targetHints":{"allow":["GET"]}}],"collection":[{"href":"https:\/\/www.elche.es\/va\/wp-json\/wp\/v2\/posts"}],"about":[{"href":"https:\/\/www.elche.es\/va\/wp-json\/wp\/v2\/types\/post"}],"author":[{"embeddable":true,"href":"https:\/\/www.elche.es\/va\/wp-json\/wp\/v2\/users\/131"}],"replies":[{"embeddable":true,"href":"https:\/\/www.elche.es\/va\/wp-json\/wp\/v2\/comments?post=77464"}],"version-history":[{"count":0,"href":"https:\/\/www.elche.es\/va\/wp-json\/wp\/v2\/posts\/77464\/revisions"}],"wp:featuredmedia":[{"embeddable":true,"href":"https:\/\/www.elche.es\/va\/wp-json\/wp\/v2\/media\/28375"}],"wp:attachment":[{"href":"https:\/\/www.elche.es\/va\/wp-json\/wp\/v2\/media?parent=77464"}],"wp:term":[{"taxonomy":"category","embeddable":true,"href":"https:\/\/www.elche.es\/va\/wp-json\/wp\/v2\/categories?post=77464"},{"taxonomy":"post_tag","embeddable":true,"href":"https:\/\/www.elche.es\/va\/wp-json\/wp\/v2\/tags?post=77464"}],"curies":[{"name":"wp","href":"https:\/\/api.w.org\/{rel}","templated":true}]}}