{"id":7753,"date":"2016-11-10T11:07:57","date_gmt":"2016-11-10T11:07:57","guid":{"rendered":"http:\/\/www.elche.es\/va\/2016\/11\/10\/la-exposicion-el-bosque-mucho-mas-que-madera-estara-abierta-hasta-el-7-de-enero-en-elche\/"},"modified":"2016-11-14T11:12:31","modified_gmt":"2016-11-14T11:12:31","slug":"lexposicio-el-bosc-molt-mes-que-fusta-estara-oberta-fins-el-7-de-gener-en-elx","status":"publish","type":"post","link":"https:\/\/www.elche.es\/va\/2016\/11\/lexposicio-el-bosc-molt-mes-que-fusta-estara-oberta-fins-el-7-de-gener-en-elx\/","title":{"rendered":"L&#8217;exposici\u00f3 \u201cEl bosc. Molt m\u00e9s que fusta\u201d estar\u00e0 oberta fins al 7 de gener a Elx"},"content":{"rendered":"<p class=\"western\">\u201cEn primer lloc agrair a l\u2019Obra Social de <em>La Caixa<\/em> que haja tornat a Elx, que haguem repr\u00e9s el contacte i que tornen a fer actuacions tan importants des del punt de vista sociocultural com esta exposici\u00f3 de \u201c<em>El bosc. Molt m\u00e9s que fusta<\/em>\u201d, assenyal\u00e0 este mat\u00ed Carlos Gonz\u00e1lez durant una visita a la carpa que alberga la mostra en la pla\u00e7a del Congr\u00e9s Eucar\u00edstic.<\/p>\n<p class=\"western\">L\u2019exposici\u00f3, que entre altres objectius pret\u00e9n donar a con\u00e9ixer la import\u00e0ncia de conservar els ecosistemes terrestres i sensibilitzar els visitants, s\u2019inaugura dem\u00e0 a les 11:30 hores. Estar\u00e0 oberta fins al pr\u00f2xim 7 de gener i l\u2019entrada \u00e9s gratu\u00efta. S\u2019han organitzat visites guiades, incl\u00fas durant el cap de setmana. Per a les visites d\u2019escolars cal demanar cita en el tel\u00e8fon 902 906 666.<\/p>\n<p class=\"western\">\u00a0\u201cEsta exposici\u00f3 no solament est\u00e0 dirigida a escolars, sin\u00f3 tamb\u00e9 a les fam\u00edlies il\u00b7licitanes, i l\u2019hem programada en unes dates molt prop\u00edcies per a rebre una gran aflu\u00e8ncia de visitants. Creem que ens servix per a con\u00e9ixer millor la nostra biodiversitat per\u00f2, sobretot, per a posar en valor la import\u00e0ncia del bosc, de la natura i dels arbres per al medi ambienta i la vida de les persones\u201d, coment\u00e0 Carlos Gonz\u00e1lez.<\/p>\n<p class=\"western\">L\u2019alcalde anima a visitar l\u2019exposici\u00f3 i assenyala que \u201cdes de l\u2019Ajuntament es restablix esta cooperaci\u00f3 amb <em>La Caixa<\/em> i, a m\u00e9s, expressem la nostra voluntat de continuar amb esta cooperaci\u00f3 que sempre d\u00f3na molt bons fruits per a la ciutat i els ciutadans\u201d.<\/p>\n<p class=\"western\">Per la seua part, Mar\u00eda Tomasa Rives, directora de l\u2019\u00e0rea de negoci de <em>Caixabank<\/em> a Elx, indic\u00e0 que \u201cestic encantada que l\u2019Obra Social invertisca a Elx i des que contact\u00e0rem amb l\u2019Ajuntament ens heu donat ajudes i facilitats i hem d\u2019estar ac\u00ed. L\u2019Obra Social \u00e9s la primera Fundaci\u00f3 d\u2019Espanya, nom\u00e9s en 2015-2016 invertirem m\u00e9s de 50 milions a la Comunitat Valenciana i a Elx apleguem a cada fundaci\u00f3 o associaci\u00f3 que toca a la porta\u201d.<\/p>\n<p class=\"western\">Per a Francisco Javier Conesa, comissari de la mostra, \u201cen esta exposici\u00f3 no vorem \u00fanicament elements que tracten la biologia dels boscos, sin\u00f3 elements de cultura, tradici\u00f3 i societat que hi ha al seu voltant. Que els boscos tinguen un espai en les converses del dia a dia \u00e9s molt important. De fet, conservem all\u00f2 que coneixem i all\u00f2 que estimem\u201d.<\/p>\n","protected":false},"excerpt":{"rendered":"<p>\u201cEn primer lloc agrair a l\u2019Obra Social de La Caixa que haja tornat a Elx, que haguem repr\u00e9s el contacte i que tornen a fer actuacions tan importants des del [&hellip;]<\/p>\n","protected":false},"author":131,"featured_media":7751,"comment_status":"closed","ping_status":"closed","sticky":false,"template":"","format":"standard","meta":{"footnotes":""},"categories":[193],"tags":[],"class_list":["post-7753","post","type-post","status-publish","format-standard","has-post-thumbnail","hentry","category-cultura-va"],"_links":{"self":[{"href":"https:\/\/www.elche.es\/va\/wp-json\/wp\/v2\/posts\/7753","targetHints":{"allow":["GET"]}}],"collection":[{"href":"https:\/\/www.elche.es\/va\/wp-json\/wp\/v2\/posts"}],"about":[{"href":"https:\/\/www.elche.es\/va\/wp-json\/wp\/v2\/types\/post"}],"author":[{"embeddable":true,"href":"https:\/\/www.elche.es\/va\/wp-json\/wp\/v2\/users\/131"}],"replies":[{"embeddable":true,"href":"https:\/\/www.elche.es\/va\/wp-json\/wp\/v2\/comments?post=7753"}],"version-history":[{"count":0,"href":"https:\/\/www.elche.es\/va\/wp-json\/wp\/v2\/posts\/7753\/revisions"}],"wp:featuredmedia":[{"embeddable":true,"href":"https:\/\/www.elche.es\/va\/wp-json\/wp\/v2\/media\/7751"}],"wp:attachment":[{"href":"https:\/\/www.elche.es\/va\/wp-json\/wp\/v2\/media?parent=7753"}],"wp:term":[{"taxonomy":"category","embeddable":true,"href":"https:\/\/www.elche.es\/va\/wp-json\/wp\/v2\/categories?post=7753"},{"taxonomy":"post_tag","embeddable":true,"href":"https:\/\/www.elche.es\/va\/wp-json\/wp\/v2\/tags?post=7753"}],"curies":[{"name":"wp","href":"https:\/\/api.w.org\/{rel}","templated":true}]}}