{"id":78377,"date":"2019-01-08T10:42:42","date_gmt":"2019-01-08T09:42:42","guid":{"rendered":"http:\/\/www.elche.es\/va\/?p=78377"},"modified":"2019-01-08T10:59:19","modified_gmt":"2019-01-08T09:59:19","slug":"els-reis-mags-arriben-a-elx-i-reben-centenars-de-xiquetes-i-xiquets-en-el-palau-daltamira","status":"publish","type":"post","link":"https:\/\/www.elche.es\/va\/2019\/01\/els-reis-mags-arriben-a-elx-i-reben-centenars-de-xiquetes-i-xiquets-en-el-palau-daltamira\/","title":{"rendered":"Els Reis Mags arriben a Elx i reben centenars de xiquetes i xiquets en el Palau d&#8217;Altamira"},"content":{"rendered":"<p>Centenars de xiquets i xiquetes, acompanyats dels seus pares i mares, han rebut a\u00a0<span class=\"hiddenSpellError\">SSMM<\/span>\u00a0els Reis Mags, que a les 10.30 hores han arribat a la rotonda del Parc Municipal al costat dels seus patges reals. Despr\u00e9s d&#8217;arribar han anat a peu fins al Palau\u00a0d&#8217;Altamira, on l&#8217;alcalde d&#8217;Elx,\u00a0<span class=\"hiddenSpellError\">Carlos<\/span>\u00a0Gonz\u00e1lez, l&#8217;edil de Festes, Jos\u00e9 P\u00e9rez, i la regidora de Relacions Institucionals, Mireia Moll\u00e0, els han rebut.<\/p>\n<p>&#8220;Vull dir-los als Reis Mags d&#8217;Orient que hui \u00e9s un dia molt important per a tots els xiquets i xiquetes de la nostra ciutat i que han de fer un gran treball escoltant totes les peticions dels m\u00e9s xicotets perqu\u00e8 cap d&#8217;ells es quede sense regal&#8221;, ha assenyalat l&#8217;alcalde,\u00a0<span class=\"hiddenSpellError\">Carlos<\/span>\u00a0Gonz\u00e1lez.<\/p>\n<p>A la vesprada, ha tingut lloc la Cavalcada dels Reis Mags a partir de les 19.00 hores des de Reina Vict\u00f2ria fins a\u00a0Traspalau, on s&#8217;ha fet l&#8217;ofrena de presents al Betlem Vivent i ha finalitzat amb un espectacle de focs artificials.<\/p>\n","protected":false},"excerpt":{"rendered":"<p>Centenars de xiquets i xiquetes, acompanyats dels seus pares i mares, han rebut a\u00a0SSMM\u00a0els Reis Mags, que a les 10.30 hores han arribat a la rotonda del Parc Municipal al [&hellip;]<\/p>\n","protected":false},"author":15,"featured_media":78364,"comment_status":"closed","ping_status":"closed","sticky":false,"template":"","format":"standard","meta":{"footnotes":""},"categories":[191,1341],"tags":[],"class_list":["post-78377","post","type-post","status-publish","format-standard","has-post-thumbnail","hentry","category-festes-va","category-ocio-y-cultura-va"],"_links":{"self":[{"href":"https:\/\/www.elche.es\/va\/wp-json\/wp\/v2\/posts\/78377","targetHints":{"allow":["GET"]}}],"collection":[{"href":"https:\/\/www.elche.es\/va\/wp-json\/wp\/v2\/posts"}],"about":[{"href":"https:\/\/www.elche.es\/va\/wp-json\/wp\/v2\/types\/post"}],"author":[{"embeddable":true,"href":"https:\/\/www.elche.es\/va\/wp-json\/wp\/v2\/users\/15"}],"replies":[{"embeddable":true,"href":"https:\/\/www.elche.es\/va\/wp-json\/wp\/v2\/comments?post=78377"}],"version-history":[{"count":0,"href":"https:\/\/www.elche.es\/va\/wp-json\/wp\/v2\/posts\/78377\/revisions"}],"wp:featuredmedia":[{"embeddable":true,"href":"https:\/\/www.elche.es\/va\/wp-json\/wp\/v2\/media\/78364"}],"wp:attachment":[{"href":"https:\/\/www.elche.es\/va\/wp-json\/wp\/v2\/media?parent=78377"}],"wp:term":[{"taxonomy":"category","embeddable":true,"href":"https:\/\/www.elche.es\/va\/wp-json\/wp\/v2\/categories?post=78377"},{"taxonomy":"post_tag","embeddable":true,"href":"https:\/\/www.elche.es\/va\/wp-json\/wp\/v2\/tags?post=78377"}],"curies":[{"name":"wp","href":"https:\/\/api.w.org\/{rel}","templated":true}]}}