{"id":78697,"date":"2019-01-11T09:58:31","date_gmt":"2019-01-11T08:58:31","guid":{"rendered":"http:\/\/www.elche.es\/va\/?p=78697"},"modified":"2019-01-11T09:58:31","modified_gmt":"2019-01-11T08:58:31","slug":"el-govern-municipal-delx-fixa-un-decaleg-de-prioritats-fins-al-final-de-la-legislatura","status":"publish","type":"post","link":"https:\/\/www.elche.es\/va\/2019\/01\/el-govern-municipal-delx-fixa-un-decaleg-de-prioritats-fins-al-final-de-la-legislatura\/","title":{"rendered":"El Govern Municipal d&#8217;Elx fixa un dec\u00e0leg de prioritats fins al final de la legislatura"},"content":{"rendered":"<blockquote><p>L&#8217;alcalde, Carlos Gonz\u00e1lez, i els portaveus de Comprom\u00eds, Mireia Moll\u00e0, i del Partit d&#8217;Elx, Jes\u00fas Pareja, anuncien despr\u00e9s d&#8217;una reuni\u00f3 de Govern l&#8217;obertura d&#8217;un proc\u00e9s de di\u00e0leg amb els partits de l&#8217;oposici\u00f3 per a executar un pla d&#8217;inversions en equipaments socials, esportius i culturals dels barris i les pedanies<\/p>\n<p>En el dec\u00e0leg tamb\u00e9 figuren el Campus Tecnol\u00f2gic, l&#8217;ampliaci\u00f3 del Parc Empresarial, nous edificis en Sant Antoni, els plecs de Neteja i dels autobusos a les pedanies, el Centre de Disseny i Moda del Cal\u00e7at, l&#8217;ampliaci\u00f3 de la plantilla de la Policia Local, la resid\u00e8ncia juvenil d&#8217;Altabix i un conveni sobre el deute hist\u00f2ric pels terrenys de la Universitat<\/p><\/blockquote>\n<p>&#8220;Hem fixat les prioritats per a aquesta recta final de la legislatura i estic conven\u00e7ut que les tres formacions pol\u00edtiques (PSOE, Comprom\u00eds i Partit d&#8217;Elx) estem decidides a treballar fins a l&#8217;\u00faltim moment per a aconseguir tirar avant els compromisos i objectius de l&#8217;equip de govern, units i cohesionats, com en la resta de la legislatura\u201d, ha assenyalat l&#8217;alcalde d&#8217;Elx, Carlos Gonz\u00e1lez (PSOE), en una compareixen\u00e7a davant els mitjans de comunicaci\u00f3 juntament amb els seus socis de govern, els regidors i portaveus de Comprom\u00eds, Mireia Moll\u00e0, i del Partit d&#8217;Elx, Jes\u00fas Pareja.<\/p>\n<p>\u201cM&#8217;agradaria parlar d&#8217;un dec\u00e0leg d&#8217;assumptes d&#8217;import\u00e0ncia extraordin\u00e0ria per al govern municipal que hem de convertir en les prioritats del mandat perqu\u00e8 s\u00f3n projectes necessaris i estrat\u00e8gics per a millorar la qualitat de vida a la ciutat. Parlar d&#8217;un dec\u00e0leg no significa que no hi haja molts altres assumptes que seran objecte d&#8217;atenci\u00f3 per part del govern Municipal. Hem parlat en el pla econ\u00f2mic que en la recta final del mandat el Campus Tecnol\u00f2gic siga una de les prioritats, una actuaci\u00f3 que quede licitada i puguen comen\u00e7ar les obres\u201d, ha explicat Gonz\u00e1lez.<\/p>\n<p>\u201cDe la mateixa manera hem de continuar avan\u00e7ant en l&#8217;ampliaci\u00f3 en 600.000 metres quadrats del Parc Empresarial, que es troben en un estat molt avan\u00e7at de tramitaci\u00f3 urban\u00edstica i que volgu\u00e9rem completar en el que falta del manat. Tamb\u00e9 entenem com a prioritari continuar avan\u00e7ant en el barri de Sant Antoni. Estem realitzant els120 habitatges del segon edifici. Volem adjudicar el contracte del projecte i obra del tercer bloc, que s\u00f3n 94 habitatges, i iniciar els tr\u00e0mits del quart bloc\u201d, ha comentat el responsable de l&#8217;equip de govern.<\/p>\n<p>Pel que fa als serveis p\u00fablics municipals, Gonz\u00e1lez ha expressat que \u201cdestacaria l&#8217;aprovaci\u00f3 dels plecs de condicions de la neteja i del transport p\u00fablic a les pedanies, dos compromisos importants i essencials en la din\u00e0mica de la ciutat. Considerem necessari l&#8217;increment de la plantilla de la Policia Local, ja que en els pr\u00f2xims mesos quedar\u00e0 redu\u00efda per jubilacions. Tamb\u00e9 volem establir com a priorit\u00e0ria l&#8217;obertura de la resid\u00e8ncia juvenil d&#8217;Altabix. Treballem amb la universitat per a intentar concretar la posada en marxa d&#8217;aquest servei p\u00fablic\u201d.<\/p>\n<p>Quant a assumptes pendents amb la Generalitat, l&#8217;alcalde ha dit que \u201cconsiderem b\u00e0sic que es concrete en les pr\u00f2ximes setmanes el Centre Internacional de Disseny i Moda del Cal\u00e7at per al qual el govern valenci\u00e0 est\u00e0 realitzant les gestions necess\u00e0ries orientades a adquirir l&#8217;edifici de Correus. Tamb\u00e9 volem signar un protocol, acord o document amb la finalitat de tindre const\u00e0ncia fefaent del comprom\u00eds sobre el deute hist\u00f2ric pel pagament dels terrenys de la universitat que permetr\u00e0 realitzar importants inversions\u201d.<\/p>\n<p>\u201cHem establit com a prioritat intensificar les relacions amb el govern d&#8217;Espanya per a anar identificant assumptes relacionats amb infraestructures vi\u00e0ries i ferrovi\u00e0ries necess\u00e0ries per a millorar la competitivitat de les empreses i de la pr\u00f2pia din\u00e0mica de la ciutat, com l&#8217;AVE, la Circumval\u00b7laci\u00f3 Sud, la connexi\u00f3 del Rodalia amb l&#8217;aeroport o amb l&#8217;estaci\u00f3 d&#8217;Alta Velocitat \u201cDama d&#8217;Elx\u201d, ha explicat l&#8217;alcalde.<\/p>\n<p>\u201cEn els pr\u00f2xims dies volem obrir un di\u00e0leg amb l&#8217;oposici\u00f3 per a posar sobre la taula un pla extraordinari d&#8217;inversions que possibilite impulsar i fer els primers passos en relaci\u00f3 amb les inversions contingudes en el pressupost de 2019 que finalment va ser bloquejat, per\u00f2 que contemplava inversions que considerem necess\u00e0ries per a continuar les millores a la ciutat. Hem parlat d&#8217;equipaments esportius, socials i culturals en barris i pedanies essencials per al municipi\u201d, ha manifestat el regidor il\u00b7licit\u00e0.<\/p>\n<p><strong>Equipaments esportius<\/strong><\/p>\n<p>Jes\u00fas Pareja, regidor d&#8217;Esports i Consum, ha assegurat que la seua agrupaci\u00f3 comparteix els objectius anunciats per l&#8217;alcalde i s&#8217;ha centrat en els assumptes referents a les seues regidories.<\/p>\n<p>Pareja ha anunciat que en el termini de 15 dies es posar\u00e0 en marxa del nou Centre d&#8217;Atenci\u00f3 Sanit\u00e0ria a la Ciutat Esportiva Juan \u00c1ngel Romero. \u201cUn centre que oferir\u00e0 dos serveis pioners com \u00e9s el mesurament i pesatge a esportistes, aix\u00ed com proves d&#8217;electrocardiograma per a comprovar-ne l&#8217;estat de salut\u201d, ha indicat el portaveu del Partit d&#8217;Elx.<\/p>\n<p>El regidor ha afegit que la seua intenci\u00f3 \u00e9s culminar abans d&#8217;eleccions el major nombre de projectes en marxa amb la finalitat de continuar millorant la ciutat i els serveis a la ciutadania. \u201cEn aquest sentit els he de dir que esperem aprovar l&#8217;Ordenan\u00e7a de l&#8217;Esport i posar en marxa l&#8217;Oficina d&#8217;Atenci\u00f3 a l&#8217;Esportista l&#8217;objectiu del qual \u00e9s assessorar sobre diverses q\u00fcestions, principalment als esportistes individuals. A m\u00e9s, hem ultimat les instal\u00b7lacions esportives de la Vallverda, est\u00e0 en licitaci\u00f3 l&#8217;ampliaci\u00f3 de la segona fase del Poliesportiu de Palmerars i es treballa en el projecte i licitaci\u00f3 de les instal\u00b7lacions esportives de Torrellano\u201d, ha indicat Pareja.<\/p>\n<p>El regidor ha afegit que es millorar\u00e0 la log\u00edstica de la pista d&#8217;atletisme Manolo Ja\u00e9n per a acollir esdeveniments esportius de primera magnitud, i tamb\u00e9 esperen finalitzar abans de maig els vestuaris del camp D\u00edez Iborra i el camp de gespa artificial de Carr\u00fas.<\/p>\n<p>Pareja, en la mateixa l\u00ednia de l&#8217;alcalde, ha llan\u00e7at un oferiment a l&#8217;oposici\u00f3 per a aprovar alguns projectes del Pla d&#8217;Inversions que s\u00f3n necessaris per a la ciutat mitjan\u00e7ant modificacions pressupost\u00e0ries i ha dit que confia a poder fer realitat, a trav\u00e9s dels fons EDUSI, el pavell\u00f3 adaptat, \u201ccent per cent\u201d, el primer d&#8217;Espanya.<\/p>\n<p><strong>M\u00e9s diners per a frenar la viol\u00e8ncia de g\u00e8nere<\/strong><\/p>\n<p>Per part seua, Mireia Moll\u00e0, regidora de Turisme i Representaci\u00f3 Institucional, ha qualificat la reuni\u00f3 de l&#8217;equip de govern de perspectiva, balan\u00e7 i projecci\u00f3. \u201cCrec que aquest govern ha aconseguit que la gesti\u00f3 responga a un projecte pol\u00edtic. Aix\u00f2 \u00e9s important per a construir un nou model de ciutat, que \u00e9s el que Elx necessita. I per aix\u00f2 ha sigut un govern estable en el qual han prevalgut els interessos dels il\u00b7licitans i les il\u00b7licitanes i la cohesi\u00f3 del govern municipal\u201d, ha indicat Moll\u00e0.<\/p>\n<p>\u201cHem sabut tirar avant un govern molt dialogant amb la societat i amb les formacions pol\u00edtiques de l&#8217;oposici\u00f3. De fet, en aquests pr\u00f2xims cinc mesos aquest di\u00e0leg, en maj\u00fascules, estar\u00e0 present perqu\u00e8 davant la falta de pressupostos hem d&#8217;anar a modificacions pressupost\u00e0ries importants. Si en algun moment feia falta la pol\u00edtica, des de les eleccions andaluses s&#8217;evidencia molt m\u00e9s. S\u00f3n temps de pol\u00edtica en maj\u00fascules, igual que dic que s\u00f3n temps de di\u00e0leg\u201d, ha subratllat la regidora.<\/p>\n<p>\u201cDavant les modificacions pressupost\u00e0ries m&#8217;agradaria posar l&#8217;accent en la primera, que es plantejar\u00e0 als partits de l&#8217;oposici\u00f3 perqu\u00e8 li donen suport. Enfront de l&#8217;ofensiva que estem vivint les dones la primera modificaci\u00f3 ser\u00e0 l&#8217;ampliaci\u00f3 pressupost\u00e0ria de les pol\u00edtiques d&#8217;igualtat i per a la lluita contra la viol\u00e8ncia de g\u00e8nere. Som un govern que ha sabut estar al costat de les dones, de les v\u00edctimes, i que crec que \u00e9s una ll\u00e0stima que la posici\u00f3 de l&#8217;oposici\u00f3 en els pressupostos impedira que s&#8217;incrementara aquesta partida. \u00c9s una declaraci\u00f3 d&#8217;intencions i no volem que en el municipi d&#8217;Elx cap formaci\u00f3 pol\u00edtica pose en q\u00fcesti\u00f3 ara, ni en el futur,\u00a0 les dones v\u00edctimes de la viol\u00e8ncia masclista\u201d, ha informat la portaveu de Comprom\u00eds.<\/p>\n<p>Mireia Moll\u00e0 ha precisat que \u201ctamb\u00e9 m&#8217;agradaria posar en relleu dues q\u00fcestions que afecten la Generalitat i l&#8217;Estat. \u00c9s una ll\u00e0stima que la Diputaci\u00f3 provincial, que sembla un ens abstracte, tinga molt poca voluntat que Elx compte m\u00e9s a la prov\u00edncia d&#8217;Alacant. En les pr\u00f2ximes setmanes tindrem redactat el conveni de compensaci\u00f3 dels 43 milions que va costar el s\u00f2l de la UMH, que haur\u00e0 d&#8217;estar dirigida al projecte de Capital Verda Europea 2030, que uneix col\u00b7lectius socials, pol\u00edtics i econ\u00f2mics, per a oferir un horitz\u00f3 de vida digna, igualtat i sostenibilitat\u201d.<\/p>\n<p>\u201cI com estem a les portes de con\u00e9ixer els Pressupostos Generals de l&#8217;Estat, que sempre han sigut altament decebedors per als interessos de la Comunitat Valenciana i dels il\u00b7licitans\/es, estarem vigilants perqu\u00e8 no solament complisquen el comprom\u00eds que les inversions es facen en ra\u00f3 del pes poblacional, d&#8217;aquells cinc milions d&#8217;habitants de la Comunitat, sin\u00f3 que tamb\u00e9 siguen rellevants per a Elx. Estarem molt atents i en el cas que siguen decebedors donarem una bona orellada a qui corresponga\u201d, ha advertit Moll\u00e0.<\/p>\n<p>&nbsp;<\/p>\n","protected":false},"excerpt":{"rendered":"<p>L&#8217;alcalde, Carlos Gonz\u00e1lez, i els portaveus de Comprom\u00eds, Mireia Moll\u00e0, i del Partit d&#8217;Elx, Jes\u00fas Pareja, anuncien despr\u00e9s d&#8217;una reuni\u00f3 de Govern l&#8217;obertura d&#8217;un proc\u00e9s de di\u00e0leg amb els partits [&hellip;]<\/p>\n","protected":false},"author":15,"featured_media":78682,"comment_status":"closed","ping_status":"closed","sticky":false,"template":"","format":"standard","meta":{"footnotes":""},"categories":[161,391,2235],"tags":[],"class_list":["post-78697","post","type-post","status-publish","format-standard","has-post-thumbnail","hentry","category-ajuntament","category-home-va","category-pedania"],"_links":{"self":[{"href":"https:\/\/www.elche.es\/va\/wp-json\/wp\/v2\/posts\/78697","targetHints":{"allow":["GET"]}}],"collection":[{"href":"https:\/\/www.elche.es\/va\/wp-json\/wp\/v2\/posts"}],"about":[{"href":"https:\/\/www.elche.es\/va\/wp-json\/wp\/v2\/types\/post"}],"author":[{"embeddable":true,"href":"https:\/\/www.elche.es\/va\/wp-json\/wp\/v2\/users\/15"}],"replies":[{"embeddable":true,"href":"https:\/\/www.elche.es\/va\/wp-json\/wp\/v2\/comments?post=78697"}],"version-history":[{"count":0,"href":"https:\/\/www.elche.es\/va\/wp-json\/wp\/v2\/posts\/78697\/revisions"}],"wp:featuredmedia":[{"embeddable":true,"href":"https:\/\/www.elche.es\/va\/wp-json\/wp\/v2\/media\/78682"}],"wp:attachment":[{"href":"https:\/\/www.elche.es\/va\/wp-json\/wp\/v2\/media?parent=78697"}],"wp:term":[{"taxonomy":"category","embeddable":true,"href":"https:\/\/www.elche.es\/va\/wp-json\/wp\/v2\/categories?post=78697"},{"taxonomy":"post_tag","embeddable":true,"href":"https:\/\/www.elche.es\/va\/wp-json\/wp\/v2\/tags?post=78697"}],"curies":[{"name":"wp","href":"https:\/\/api.w.org\/{rel}","templated":true}]}}