{"id":78997,"date":"2019-01-16T14:09:56","date_gmt":"2019-01-16T13:09:56","guid":{"rendered":"http:\/\/www.elche.es\/va\/?p=78997"},"modified":"2019-01-16T14:09:56","modified_gmt":"2019-01-16T13:09:56","slug":"lalcalde-exigeix-a-lhospital-del-vinalopo-que-preste-en-el-pas-del-toscar-la-mateixa-atencio-sanitaria-que-ofereix-el-daltabix","status":"publish","type":"post","link":"https:\/\/www.elche.es\/va\/2019\/01\/lalcalde-exigeix-a-lhospital-del-vinalopo-que-preste-en-el-pas-del-toscar-la-mateixa-atencio-sanitaria-que-ofereix-el-daltabix\/","title":{"rendered":"L&#8217;alcalde exigeix a l&#8217;hospital del Vinalop\u00f3 que preste en el PAS del Toscar la mateixa atenci\u00f3 sanit\u00e0ria que ofereix el d&#8217;Altabix"},"content":{"rendered":"<blockquote><p>Carlos Gonz\u00e1lez, com a president del Consell de Salut, exigeix als responsables del centre sanitari privat que complisquen les directrius de la conselleria de Sanitat i \u00f2briguen de vesprada<\/p><\/blockquote>\n<p>L&#8217;alcalde d&#8217;Elx, Carlos Gonz\u00e1lez, com a president del Consell de Salut, exigeix als responsables de l&#8217;Hospital del Vinalop\u00f3, de gesti\u00f3 privada, que adopten de forma immediata les mesures oportunes per a prestar als ciutadans la mateixa atenci\u00f3 sanit\u00e0ria que presta l&#8217;Hospital General, en relaci\u00f3 amb la decisi\u00f3 de continuar obrint el Punt d&#8217;Atenci\u00f3 Sanit\u00e0ria del Toscar per a les urg\u00e8ncies extrahospital\u00e0ries a partir de les 21.00 hores en compte de les 17.00 com estableix una ordre de la conselleria de Sanitat.<\/p>\n<p>Elx compta amb dos Punts d&#8217;Atenci\u00f3 Sanit\u00e0ria (PAS), el citat del Toscar, dependent de l&#8217;Hospital del Vinalop\u00f3, i el d&#8217;Altabix, gestionat per l&#8217;Hospital General, que s\u00ed que obri de vesprada. En aquest sentit, Carlos Gonz\u00e1lez s&#8217;ha mostrat contundent assenyalant que \u201cs&#8217;ha d&#8217;atendre el criteri de la conselleria perqu\u00e8 hi haja el mateix nivell i qualitat assistencial tant per als usuaris d&#8217;un costat del riu com de l&#8217;altre\u201d.<\/p>\n<p>El departament de salut de l&#8217;Hospital del Vinalop\u00f3 at\u00e9n unes 140.000 persones, mentre que el corresponent a l&#8217;Hospital General presta el servei sanitari a una mica m\u00e9s de 160.000. L&#8217;alcalde il\u00b7licit\u00e0 ent\u00e9n que no pot haver-hi cap mena de discriminaci\u00f3 ni greuge comparatiu en un tema tan important com la salut.<\/p>\n","protected":false},"excerpt":{"rendered":"<p>Carlos Gonz\u00e1lez, com a president del Consell de Salut, exigeix als responsables del centre sanitari privat que complisquen les directrius de la conselleria de Sanitat i \u00f2briguen de vesprada L&#8217;alcalde [&hellip;]<\/p>\n","protected":false},"author":15,"featured_media":78981,"comment_status":"closed","ping_status":"closed","sticky":false,"template":"","format":"standard","meta":{"footnotes":""},"categories":[161,893],"tags":[],"class_list":["post-78997","post","type-post","status-publish","format-standard","has-post-thumbnail","hentry","category-ajuntament","category-sanidad-va"],"_links":{"self":[{"href":"https:\/\/www.elche.es\/va\/wp-json\/wp\/v2\/posts\/78997","targetHints":{"allow":["GET"]}}],"collection":[{"href":"https:\/\/www.elche.es\/va\/wp-json\/wp\/v2\/posts"}],"about":[{"href":"https:\/\/www.elche.es\/va\/wp-json\/wp\/v2\/types\/post"}],"author":[{"embeddable":true,"href":"https:\/\/www.elche.es\/va\/wp-json\/wp\/v2\/users\/15"}],"replies":[{"embeddable":true,"href":"https:\/\/www.elche.es\/va\/wp-json\/wp\/v2\/comments?post=78997"}],"version-history":[{"count":0,"href":"https:\/\/www.elche.es\/va\/wp-json\/wp\/v2\/posts\/78997\/revisions"}],"wp:featuredmedia":[{"embeddable":true,"href":"https:\/\/www.elche.es\/va\/wp-json\/wp\/v2\/media\/78981"}],"wp:attachment":[{"href":"https:\/\/www.elche.es\/va\/wp-json\/wp\/v2\/media?parent=78997"}],"wp:term":[{"taxonomy":"category","embeddable":true,"href":"https:\/\/www.elche.es\/va\/wp-json\/wp\/v2\/categories?post=78997"},{"taxonomy":"post_tag","embeddable":true,"href":"https:\/\/www.elche.es\/va\/wp-json\/wp\/v2\/tags?post=78997"}],"curies":[{"name":"wp","href":"https:\/\/api.w.org\/{rel}","templated":true}]}}