{"id":79055,"date":"2019-01-17T08:53:25","date_gmt":"2019-01-17T07:53:25","guid":{"rendered":"http:\/\/www.elche.es\/va\/?p=79055"},"modified":"2019-01-17T08:53:25","modified_gmt":"2019-01-17T07:53:25","slug":"lalcalde-convida-el-teixit-empresarial-a-implicar-se-en-el-desenvolupament-dels-objectius-de-desenvolupament-sostenible","status":"publish","type":"post","link":"https:\/\/www.elche.es\/va\/2019\/01\/lalcalde-convida-el-teixit-empresarial-a-implicar-se-en-el-desenvolupament-dels-objectius-de-desenvolupament-sostenible\/","title":{"rendered":"L&#8217;alcalde convida el teixit empresarial a implicar-se en el desenvolupament dels Objectius de Desenvolupament Sostenible"},"content":{"rendered":"<blockquote><p>El Centre de Congressos ha acollit la presentaci\u00f3 de l&#8217;estudi \u201cEls objectius de desenvolupament sostenible i el sector privat: Oportunitats d&#8217;acci\u00f3 a la Comunitat Valenciana\u201d<\/p>\n<p>Carlos Gonz\u00e1lez recorda que Elx va ser el primer municipi de la Comunitat a adherir-se a l&#8217;Alian\u00e7a de Ciutats pels ODS i treballa per a implementar-los des del marc del Pla Estrat\u00e8gic Elx-2030 i en el treball per a la candidatura a la capitalitat Verda Europea.<\/p><\/blockquote>\n<p>El Centre de Congressos Ciutat d&#8217;Elx ha acollit la presentaci\u00f3 de l&#8217;estudi \u201cEls objectius de desenvolupament sostenible (ODS) i el sector privat: Oportunitats d&#8217;acci\u00f3 a la Comunitat Valenciana\u201d promogut per la conselleria de Transpar\u00e8ncia, Responsabilitat Social, Participaci\u00f3 i Cooperaci\u00f3, i realitzat per la Red2Red.<\/p>\n<p>Un acte en el qual han intervingut l&#8217;alcalde d&#8217;Elx, Carlos Gonz\u00e1lez; el conseller d&#8217;Hisenda i Model Econ\u00f2mic; Vicent Soler, el conseller de Transpar\u00e8ncia; Manuel Alcaraz; i la directora general de Cooperaci\u00f3 i Solidaritat, Antonia Moreno.<\/p>\n<p>Jos\u00e9 Mois\u00e9s Mart\u00edn Carretero ha sigut l&#8217;encarregat de presentar l&#8217;informe en el qual s&#8217;estableix que la Comunitat Valenciana, liderada per la Generalitat, est\u00e0 realitzant un proc\u00e9s de transici\u00f3 i construcci\u00f3 d&#8217;un nou model de governan\u00e7a econ\u00f2mica social i pol\u00edtica inspirada en els principis de l&#8217;Agenda de Desenvolupament Sostenible. Com a part d&#8217;aquest proc\u00e9s, la implicaci\u00f3 del sector privat \u00e9s un dels pilars que pot garantir el seu \u00e8xit a llarg termini.<\/p>\n<p>L&#8217;informe planteja les l\u00ednies d&#8217;acci\u00f3 possibles per a una major integraci\u00f3 de l&#8217;Agenda de Desenvolupament Sostenible en el teixit econ\u00f2mic privat de la Comunitat Valenciana, atenent objectius com visibilitzar l&#8217;aportaci\u00f3 real i potencial de la comunitat empresarial de la Comunitat Valenciana al compliment dels ODS; sensibilitzar el sector empresarial sobre els beneficis i avantatges de contribuir al compliment de l&#8217;Agenda de Desenvolupament Sostenible; i millorar el marc de di\u00e0leg p\u00fablic-privat\u00a0en l&#8217;\u00e0mbit\u00a0de la Comunitat Aut\u00f2noma en mat\u00e8ria d&#8217;Objectius de Desenvolupament Sostenible.<\/p>\n<p>A m\u00e9s, l&#8217;informe planteja que l&#8217;aplicaci\u00f3 d&#8217;una estrat\u00e8gia alineada amb els ODS representa un avantatge competitiu per a les empreses, permet identificar futures oportunitats de negoci, enfortir les relacions amb els grups d&#8217;inter\u00e9s, tindre una gesti\u00f3 basada en l&#8217;efici\u00e8ncia i generar un impacte positiu en la societat en els tres \u00e0mbits: social, ambiental i econ\u00f2mic.<\/p>\n<p>Tal com ha assenyalat l&#8217;alcalde, Carlos Gonz\u00e1lez, en la seua intervenci\u00f3 \u201cles organitzacions empresarials estan cridades a establir en l&#8217;\u00e8tica la base de totes les seues accions, perqu\u00e8 no es pot produir o innovar sense tindre en compte els costos socials o mediambientals, sense pensar en l&#8217;entorn i la comunitat, sense participaci\u00f3, responsabilitat o transpar\u00e8ncia\u201d.<\/p>\n<p>Gonz\u00e1lez ha recordat el comprom\u00eds de l&#8217;Ajuntament d&#8217;Elx amb el que suposen els ODS \u201c prova d&#8217;aix\u00f2 \u00e9s que, en 2015, Elx va ser el primer municipi de la Comunitat a adherir-se a l&#8217;Alian\u00e7a de Ciutats pels ODS. Des d&#8217;aquell moment estem treballant per a implementar-los des del local en el marc del Pla Estrat\u00e8gic Elx-2030 i en el treball per a la candidatura a la capitalitat Verda Europea\u201d.<\/p>\n","protected":false},"excerpt":{"rendered":"<p>El Centre de Congressos ha acollit la presentaci\u00f3 de l&#8217;estudi \u201cEls objectius de desenvolupament sostenible i el sector privat: Oportunitats d&#8217;acci\u00f3 a la Comunitat Valenciana\u201d Carlos Gonz\u00e1lez recorda que Elx [&hellip;]<\/p>\n","protected":false},"author":15,"featured_media":79052,"comment_status":"closed","ping_status":"closed","sticky":false,"template":"","format":"standard","meta":{"footnotes":""},"categories":[161,654,391],"tags":[],"class_list":["post-79055","post","type-post","status-publish","format-standard","has-post-thumbnail","hentry","category-ajuntament","category-edusi-va","category-home-va"],"_links":{"self":[{"href":"https:\/\/www.elche.es\/va\/wp-json\/wp\/v2\/posts\/79055","targetHints":{"allow":["GET"]}}],"collection":[{"href":"https:\/\/www.elche.es\/va\/wp-json\/wp\/v2\/posts"}],"about":[{"href":"https:\/\/www.elche.es\/va\/wp-json\/wp\/v2\/types\/post"}],"author":[{"embeddable":true,"href":"https:\/\/www.elche.es\/va\/wp-json\/wp\/v2\/users\/15"}],"replies":[{"embeddable":true,"href":"https:\/\/www.elche.es\/va\/wp-json\/wp\/v2\/comments?post=79055"}],"version-history":[{"count":0,"href":"https:\/\/www.elche.es\/va\/wp-json\/wp\/v2\/posts\/79055\/revisions"}],"wp:featuredmedia":[{"embeddable":true,"href":"https:\/\/www.elche.es\/va\/wp-json\/wp\/v2\/media\/79052"}],"wp:attachment":[{"href":"https:\/\/www.elche.es\/va\/wp-json\/wp\/v2\/media?parent=79055"}],"wp:term":[{"taxonomy":"category","embeddable":true,"href":"https:\/\/www.elche.es\/va\/wp-json\/wp\/v2\/categories?post=79055"},{"taxonomy":"post_tag","embeddable":true,"href":"https:\/\/www.elche.es\/va\/wp-json\/wp\/v2\/tags?post=79055"}],"curies":[{"name":"wp","href":"https:\/\/api.w.org\/{rel}","templated":true}]}}