{"id":80323,"date":"2019-01-31T14:07:22","date_gmt":"2019-01-31T13:07:22","guid":{"rendered":"http:\/\/www.elche.es\/va\/?p=80323"},"modified":"2019-01-31T14:07:22","modified_gmt":"2019-01-31T13:07:22","slug":"lalcalde-inicia-els-contactes-amb-loposicio-per-a-aconseguir-un-consens-que-permeta-tirar-avant-projectes-vitals-per-al-futur-de-la-ciutat","status":"publish","type":"post","link":"https:\/\/www.elche.es\/va\/2019\/01\/lalcalde-inicia-els-contactes-amb-loposicio-per-a-aconseguir-un-consens-que-permeta-tirar-avant-projectes-vitals-per-al-futur-de-la-ciutat\/","title":{"rendered":"L&#8217;alcalde inicia els contactes amb l&#8217;oposici\u00f3 per a aconseguir un consens que permeta tirar avant projectes vitals per al futur de la ciutat"},"content":{"rendered":"<blockquote><p>Carlos Gonz\u00e1lez es reuneix amb els portaveus de PP i Ciutadans per a demanar-los que \u201cno es deixen portar per crispaci\u00f3 en el debat pol\u00edtic\u201d i aconseguir una recta final de legislatura \u201cen la qual els ciutadans puguen veure com els seus dirigents pol\u00edtics ens dediquem a treballar pels il\u00b7licitans i il\u00b7licitanes\u201d<\/p>\n<p>&nbsp;<\/p><\/blockquote>\n<p>L&#8217;alcalde, Carlos Gonz\u00e1lez, ha iniciat els contactes amb els portaveus de l&#8217;oposici\u00f3 amb la finalitat d&#8217;aconseguir un consens i poder tirar avant, en el que resta de mandat, projectes que s\u00f3n vitals per al futur de la ciutat. \u201cHe de fer una valoraci\u00f3 positiva despr\u00e9s de la reuni\u00f3 que he mantingut amb els portaveus dels grups municipals del PP i de Ciutadans, la setmana vinent la mantindr\u00e9 amb la portaveu d&#8217;Il\u00b7licitans per Elx. Una ronda de trobades per a parlar de la recta final d&#8217;aquest mandat i, sobretot, per a demanar-los que en aquesta recta final continuem amb la din\u00e0mica de cordialitat i respecte, des de defensa de les posicions de cada grup, que ha presidit aquests \u00faltims anys\u201d, ha assenyalat l&#8217;alcalde.<\/p>\n<p>Carlos Gonz\u00e1lez ha afegit que \u201cels he demanat que no es deixen portar per la temptaci\u00f3 de crispar el debat i de fer un final de legislatura com el que es va donar en anteriors mandats. Volem una recta final en la qual els ciutadans puguen veure com els seus dirigents pol\u00edtics ens dediquem a treballar i tirar avant els assumptes importants que queden pendents aquesta legislatura\u201d.<\/p>\n<p>Segons l&#8217;alcalde, un debat sense crispaci\u00f3 ser\u00e0 benefici\u00f3s per als ciutadans i ciutadanes.<\/p>\n<p>Al marge d&#8217;aix\u00f2, l&#8217;alcalde ha plantejat als portaveus que \u201chi haur\u00e0 futures modificacions pressupost\u00e0ries d&#8217;inter\u00e9s vital per a la ciutat relacionades principalment amb l&#8217;Estrat\u00e8gia Edusi i amb altres assumptes relatius a inversions en barris i pedanies. Projectes que considerem necessaris que l&#8217;oposici\u00f3 no bloquege. \u00c9s important que un conjunt de projectes que hem d&#8217;impulsar troben en l&#8217;oposici\u00f3 una actitud constructiva\u201d.<\/p>\n<p>D&#8217;altra banda, Gonz\u00e1lez ha reiterat el plantejament d&#8217;oferta de pacte entorn de les necessitats d&#8217;infraestructures que t\u00e9 la nostra ciutat. \u201cEn el debat de l&#8217;Estat del Municipi ja vaig plantejar als grups la necessitat d&#8217;arribar a un pacte, una posici\u00f3 comuna de tots els grups municipals sobre les infraestructures vi\u00e0ries que necessita el municipi. En aquest sentit, els he plantejat que aix\u00f2 ha de ser motiu de trobada i acord m\u00e9s que de discrep\u00e0ncia\u201d.<\/p>\n<p>En aquest sentit, ha destacat la invitaci\u00f3 que ha fet al portaveu del grup municipal del PP perqu\u00e8 recolze les gestions que l&#8217;Equip de Govern est\u00e0 realitzant davant la Diputaci\u00f3 Provincial per a exigir les inversions que la ciutat necessita. \u201cCrec que \u00e9s important que el PP recolze el Govern Municipal i formem un front com\u00fa a l&#8217;hora de reivindicar les necessitats del municipi. La Diputaci\u00f3 ha de fer un esfor\u00e7 important a la ciutat. El president de la Diputaci\u00f3 ha plantejat fer un auditori a la ciutat i nosaltres hem recollit el guant perqu\u00e8 \u00e9s una q\u00fcesti\u00f3 de la qual ja vaig parlar amb el president de la Diputaci\u00f3 en una reuni\u00f3 fa un any, i crec que si hi ha unitat entorn d&#8217;aquest plantejament, la posici\u00f3 de la nostra ciutat ser\u00e0 m\u00e9s s\u00f2lida i tindrem m\u00e9s possibilitats que la Diputaci\u00f3 fa\u00e7a un esfor\u00e7 inversor a la nostra ciutat\u201d.<\/p>\n<p>L&#8217;alcalde ha concl\u00f2s assenyalant que \u201c\u00e9s important que tots siguem conscients que malgrat la proximitat de les eleccions, el Govern Municipal vol continuar governant fins a l&#8217;\u00faltim dia perqu\u00e8 la ciutat necessita que prenguem decisions sobre q\u00fcestions de present i de futur. Per aix\u00f2, \u00e9s positiu que hi haja acord en determinats aspectes i, sobretot, que el debat pol\u00edtic de cara a les eleccions no contamine la din\u00e0mica de treball del Ple de Corporaci\u00f3 i permeta que el respecte i el debat constructiu presidisquen el final de la legislatura\u201d.<\/p>\n","protected":false},"excerpt":{"rendered":"<p>Carlos Gonz\u00e1lez es reuneix amb els portaveus de PP i Ciutadans per a demanar-los que \u201cno es deixen portar per crispaci\u00f3 en el debat pol\u00edtic\u201d i aconseguir una recta final [&hellip;]<\/p>\n","protected":false},"author":15,"featured_media":80314,"comment_status":"closed","ping_status":"closed","sticky":false,"template":"","format":"standard","meta":{"footnotes":""},"categories":[161],"tags":[],"class_list":["post-80323","post","type-post","status-publish","format-standard","has-post-thumbnail","hentry","category-ajuntament"],"_links":{"self":[{"href":"https:\/\/www.elche.es\/va\/wp-json\/wp\/v2\/posts\/80323","targetHints":{"allow":["GET"]}}],"collection":[{"href":"https:\/\/www.elche.es\/va\/wp-json\/wp\/v2\/posts"}],"about":[{"href":"https:\/\/www.elche.es\/va\/wp-json\/wp\/v2\/types\/post"}],"author":[{"embeddable":true,"href":"https:\/\/www.elche.es\/va\/wp-json\/wp\/v2\/users\/15"}],"replies":[{"embeddable":true,"href":"https:\/\/www.elche.es\/va\/wp-json\/wp\/v2\/comments?post=80323"}],"version-history":[{"count":0,"href":"https:\/\/www.elche.es\/va\/wp-json\/wp\/v2\/posts\/80323\/revisions"}],"wp:featuredmedia":[{"embeddable":true,"href":"https:\/\/www.elche.es\/va\/wp-json\/wp\/v2\/media\/80314"}],"wp:attachment":[{"href":"https:\/\/www.elche.es\/va\/wp-json\/wp\/v2\/media?parent=80323"}],"wp:term":[{"taxonomy":"category","embeddable":true,"href":"https:\/\/www.elche.es\/va\/wp-json\/wp\/v2\/categories?post=80323"},{"taxonomy":"post_tag","embeddable":true,"href":"https:\/\/www.elche.es\/va\/wp-json\/wp\/v2\/tags?post=80323"}],"curies":[{"name":"wp","href":"https:\/\/api.w.org\/{rel}","templated":true}]}}