{"id":80375,"date":"2019-02-01T10:33:17","date_gmt":"2019-02-01T09:33:17","guid":{"rendered":"http:\/\/www.elche.es\/va\/?p=80375"},"modified":"2019-02-01T10:33:17","modified_gmt":"2019-02-01T09:33:17","slug":"lalcalde-inaugura-el-congres-oftalmologic-facoelche-acompanyat-del-doctor-fernandez-vega-i-lorganitzador-de-lacte-el-doctor-fernando-soler","status":"publish","type":"post","link":"https:\/\/www.elche.es\/va\/2019\/02\/lalcalde-inaugura-el-congres-oftalmologic-facoelche-acompanyat-del-doctor-fernandez-vega-i-lorganitzador-de-lacte-el-doctor-fernando-soler\/","title":{"rendered":"L&#8217;alcalde inaugura el congr\u00e9s oftalmol\u00f2gic FacoElche acompanyat del doctor Fern\u00e1ndez Vega i l&#8217;organitzador de l&#8217;acte, el doctor Fernando Soler"},"content":{"rendered":"<blockquote><p>Carlos Gonz\u00e1lez: \u201cFacoElche s&#8217;ha convertit en un referent mundial de l&#8217;oftalmologia\u201d<\/p>\n<p>&nbsp;<\/p><\/blockquote>\n<p>L&#8217;alcalde d&#8217;Elx, Carlos Gonz\u00e1lez, juntament amb el doctor Fern\u00e1ndez Vega i l&#8217;organitzador de l&#8217;acte, el doctor Fernando Soler, han inaugurat aquesta vesprada a l&#8217;Hort del Capell\u00e0 FacoElche 2019, que celebra la seua vint-i-unena edici\u00f3 amb la novetat d&#8217;albergar paral\u00b7lelament el programa oficial l&#8217;XI Congressos de la World Keratoconus Society a Elx. \u201cFacoElche s&#8217;ha convertit en un esdeveniment consolidat entre professionals de tot el m\u00f3n i \u00e9s un referent en la posada en com\u00fa dels avan\u00e7os en mat\u00e8ria d&#8217;oftalmologia i cirurgia refractiva, i marca el que passar\u00e0 al llarg de l&#8217;any\u201d, ha assenyalat l&#8217;alcalde de la ciutat.<\/p>\n<p>Gonz\u00e1lez ha explicat que una de les caracter\u00edstiques m\u00e9s rellevants de FacoElche \u00e9s la seua demostrada capacitat per a reinventar-se cada any, per a generar inter\u00e9s i d&#8217;aquesta manera ser capa\u00e7os de millorar els continguts i activitats per a aconseguir l&#8217;excel\u00b7l\u00e8ncia.<\/p>\n<p>\u201cFacoElche serveix per a compartir coneixements i t\u00e8cniques que milloraran de forma decisiva la vida de milers de persones en una mat\u00e8ria tan delicada com la vista, un sentit capital\u201d, ha explicat l&#8217;alcalde.<\/p>\n<p>Carlos Gonz\u00e1lez ha agra\u00eft el Doctor Soler per ser el responsable que FacoElche es realitze a la ciutat.<\/p>\n<p>\u201cCreiem en l&#8217;emprenedoria i en la innovaci\u00f3 com a eines per a construir una societat millor, cosa que t\u00e9 a veure amb aquest congr\u00e9s; per\u00f2 sobretot som una ciutat a la qual li agrada que el nostre nom es projecte cap a l&#8217;exterior\u201d, ha concl\u00f2s Gonz\u00e1lez, qui ha convidat als m\u00e9s de 1200 especialistes al fet que coneguen Elx.<\/p>\n<p>FacoElche s&#8217;est\u00e0 celebrant a l&#8217;Hort del Capell\u00e0 fins al 2 de febrer. Enguany, el lema de les jornades \u00e9s \u201cA Futur\u201d. Aquesta reuni\u00f3 cient\u00edficom\u00e8dica est\u00e0 situada en l&#8217;agenda oftalmol\u00f2gica i est\u00e0 considerada com la m\u00e9s influent en quantes se celebren al pa\u00eds.<\/p>\n<p>El congr\u00e9s enguany compta amb la pres\u00e8ncia del Doctor Ike Ahmed, considerat un dels millors cirurgians oftalmol\u00f2gics del m\u00f3n. El canadenc impartir\u00e0 dues confer\u00e8ncies i realitzar\u00e0 una cirurgia complexa de reconstrucci\u00f3 del segment anterior i un implant amb cirurgia MIGS.<\/p>\n","protected":false},"excerpt":{"rendered":"<p>Carlos Gonz\u00e1lez: \u201cFacoElche s&#8217;ha convertit en un referent mundial de l&#8217;oftalmologia\u201d &nbsp; L&#8217;alcalde d&#8217;Elx, Carlos Gonz\u00e1lez, juntament amb el doctor Fern\u00e1ndez Vega i l&#8217;organitzador de l&#8217;acte, el doctor Fernando Soler, [&hellip;]<\/p>\n","protected":false},"author":15,"featured_media":80370,"comment_status":"closed","ping_status":"closed","sticky":false,"template":"","format":"standard","meta":{"footnotes":""},"categories":[161],"tags":[],"class_list":["post-80375","post","type-post","status-publish","format-standard","has-post-thumbnail","hentry","category-ajuntament"],"_links":{"self":[{"href":"https:\/\/www.elche.es\/va\/wp-json\/wp\/v2\/posts\/80375","targetHints":{"allow":["GET"]}}],"collection":[{"href":"https:\/\/www.elche.es\/va\/wp-json\/wp\/v2\/posts"}],"about":[{"href":"https:\/\/www.elche.es\/va\/wp-json\/wp\/v2\/types\/post"}],"author":[{"embeddable":true,"href":"https:\/\/www.elche.es\/va\/wp-json\/wp\/v2\/users\/15"}],"replies":[{"embeddable":true,"href":"https:\/\/www.elche.es\/va\/wp-json\/wp\/v2\/comments?post=80375"}],"version-history":[{"count":0,"href":"https:\/\/www.elche.es\/va\/wp-json\/wp\/v2\/posts\/80375\/revisions"}],"wp:featuredmedia":[{"embeddable":true,"href":"https:\/\/www.elche.es\/va\/wp-json\/wp\/v2\/media\/80370"}],"wp:attachment":[{"href":"https:\/\/www.elche.es\/va\/wp-json\/wp\/v2\/media?parent=80375"}],"wp:term":[{"taxonomy":"category","embeddable":true,"href":"https:\/\/www.elche.es\/va\/wp-json\/wp\/v2\/categories?post=80375"},{"taxonomy":"post_tag","embeddable":true,"href":"https:\/\/www.elche.es\/va\/wp-json\/wp\/v2\/tags?post=80375"}],"curies":[{"name":"wp","href":"https:\/\/api.w.org\/{rel}","templated":true}]}}