{"id":82454,"date":"2019-02-18T12:57:06","date_gmt":"2019-02-18T11:57:06","guid":{"rendered":"http:\/\/www.elche.es\/va\/2019\/02\/el-ayuntamiento-reconoce-el-compromiso-social-y-sindical-de-carmen-campello-con-la-inauguracion-de-un-jardin-en-carrus\/"},"modified":"2019-02-22T09:51:35","modified_gmt":"2019-02-22T08:51:35","slug":"el-ayuntamiento-reconoce-el-compromiso-social-y-sindical-de-carmen-campello-con-la-inauguracion-de-un-jardin-en-carrus","status":"publish","type":"post","link":"https:\/\/www.elche.es\/va\/2019\/02\/el-ayuntamiento-reconoce-el-compromiso-social-y-sindical-de-carmen-campello-con-la-inauguracion-de-un-jardin-en-carrus\/","title":{"rendered":"L&#8217;Ajuntament reconeix el comprom\u00eds social i sindical de Carmen Campello amb la inauguraci\u00f3 d&#8217;un jard\u00ed en Carr\u00fas"},"content":{"rendered":"<p>&nbsp;<\/p>\n<blockquote><p>L&#8217;homenatjada, de 91 anys, va ser treballadora de Damel i Uniroyal, on va exercir c\u00e0rrecs sindicals, i membre de l&#8217;HOAC, organitzaci\u00f3 en la qual va desenvolupar nombrosos projectes per a millorar la vida de les persones m\u00e9s desfavorides<\/p>\n<p>L&#8217;alcalde, Carlos Gonz\u00e1lez, i la regidora de Relacions Institucionals, Mireia Moll\u00e0, destaquen la lluita de Carmen Campello pels drets dels treballadors i descobreixen una placa amb el seu nom<\/p><\/blockquote>\n<p>L&#8217;alcalde d&#8217;Elx, Carlos Gonz\u00e1lez, i la regidora de Relacions Institucionals, Mireia Moll\u00e0, acompanyats d&#8217;altres membres de l&#8217;Equip de Govern i de la Corporaci\u00f3 Municipal, han inaugurat en el barri de Carr\u00fas el jard\u00ed de Carmen Campello, de 91 anys, una dona lluitadora i molt admirada pel seu comprom\u00eds amb les causes socials.<\/p>\n<p>A m\u00e9s dels representants municipals, han acompanyat a Carmen Campello durant l&#8217;acte nombrosos\/es amics\/gues, ve\u00efns\/es, excompanys\/es de treball i representants sindicals. Els jardins estan situats en la zona de l&#8217;avinguda de les Corts Valencianes, entre els carrers Manuel Campello Ruiz i Vila Joiosa.<\/p>\n<p>Moments abans del descobriment de la placa que dona nom al jard\u00ed, Manolo Torregrosa li va dedicar una can\u00e7\u00f3 i Rafael Amor\u00f3s va glossar la vida i el treball de la dona homenatjada. Carmen Campello va ser treballadora de les f\u00e0briques Damel i Uniroyal i va participar activament en els moviments socials que van contribuir a legalitzar els sindicats i a avan\u00e7ar en la democr\u00e0cia al nostre pa\u00eds.<\/p>\n<p>Durant la seua vida laboral va acomplir diversos c\u00e0rrecs sindicals de rellev\u00e0ncia en les empreses en les quals va treballar. Des dels anys 60 fins al 1984 va formar part dels jurats d&#8217;empresa d&#8217;Uniroyal, posteriorment comit\u00e9s d&#8217;empresa. Com a membre actiu de la Germanor Obrera Acci\u00f3 Cat\u00f2lica (HOAC) ha estat compromesa en nombrosos projectes i activitats a favor de les persones desfavorides.<\/p>\n<p>Carmen Campello va tindre un emotiu record per als i les companys\/es ferits\/des i morts\/es en un greu accident en Unirroyal. \u201cPer a mi aquells companys s\u00f3n uns m\u00e0rtirs del treball. En la placa apareix el nom d&#8217;una dona, per\u00f2 em recorde de tots els que treballaven en Unirroyal, ho vam passar molt malament, per\u00f2 tots estan ac\u00ed\u201d, ha assenyalat entre aplaudiments l&#8217;homenatjada.<\/p>\n<p>\u201cConstant, extraordinari, p\u00fablic i privat, aix\u00ed ha sigut durant anys el comprom\u00eds de Carmen Campello\u201d, ha assenyalat la regidora de Relacions Institucionals. \u201cCarmen \u00e9s una dona que malgrat haver viscut un altre temps va lluitar com sempre es va haver de fer, els seus companys i companyes sempre van tindre com a referent de lluita pels seus drets, de les seues condicions laborals i socials. Amb aquest jard\u00ed homenatgem tamb\u00e9 aquelles dones que sempre van estar al costat dels qui les necessitaven\u201d, ha expressat Mireia Moll\u00e0.<\/p>\n<p>\u201cEm sent profundament orgull\u00f3s d&#8217;haver tingut la possibilitat en aquests quasi quatre anys de Govern Municipal d&#8217;impulsar gestos cap a ciutadans i ciutadanes molt importants per al nostre municipi. En aquests \u00faltims compassos del govern hem reconegut a persones com Carmen Campello, una treballadora que representa a tantes persones que han lluitat i ho han donat tot per aquesta ciutat, que han posat il\u00b7lusi\u00f3 i esfor\u00e7 al llarg de les seues vides per a tirar avant a les seues fam\u00edlies amb discreci\u00f3, anonimat, for\u00e7a, comprom\u00eds i reivindicaci\u00f3. Carmen \u00e9s una lluitadora, amant de la llibertat, que ho va donar tot, i en ella ens veiem reflectits\u00a0molts ciutadans\u201d, ha assenyalat Carlos Gonz\u00e1lez.<\/p>\n<p>\u201cEstic content perqu\u00e8 estem canviant la llista de carrers, la fisonomia de la ciutat, cada vegada amb m\u00e9s noms de dones. Hui \u00e9s un dia important per a Carmen, per als seus familiars i amics, per\u00f2 tamb\u00e9 per a Elx perqu\u00e8 reconeixent Carmen estem fent el mateix amb molts homes i dones valentes i treballadors\u201d, ha manifestat l&#8217;alcalde.<\/p>\n","protected":false},"excerpt":{"rendered":"<p>&nbsp; L&#8217;homenatjada, de 91 anys, va ser treballadora de Damel i Uniroyal, on va exercir c\u00e0rrecs sindicals, i membre de l&#8217;HOAC, organitzaci\u00f3 en la qual va desenvolupar nombrosos projectes per [&hellip;]<\/p>\n","protected":false},"author":10,"featured_media":82451,"comment_status":"closed","ping_status":"closed","sticky":false,"template":"","format":"standard","meta":{"footnotes":""},"categories":[161,391,590],"tags":[],"class_list":["post-82454","post","type-post","status-publish","format-standard","has-post-thumbnail","hentry","category-ajuntament","category-home-va","category-representacio-insitucional"],"_links":{"self":[{"href":"https:\/\/www.elche.es\/va\/wp-json\/wp\/v2\/posts\/82454","targetHints":{"allow":["GET"]}}],"collection":[{"href":"https:\/\/www.elche.es\/va\/wp-json\/wp\/v2\/posts"}],"about":[{"href":"https:\/\/www.elche.es\/va\/wp-json\/wp\/v2\/types\/post"}],"author":[{"embeddable":true,"href":"https:\/\/www.elche.es\/va\/wp-json\/wp\/v2\/users\/10"}],"replies":[{"embeddable":true,"href":"https:\/\/www.elche.es\/va\/wp-json\/wp\/v2\/comments?post=82454"}],"version-history":[{"count":0,"href":"https:\/\/www.elche.es\/va\/wp-json\/wp\/v2\/posts\/82454\/revisions"}],"wp:featuredmedia":[{"embeddable":true,"href":"https:\/\/www.elche.es\/va\/wp-json\/wp\/v2\/media\/82451"}],"wp:attachment":[{"href":"https:\/\/www.elche.es\/va\/wp-json\/wp\/v2\/media?parent=82454"}],"wp:term":[{"taxonomy":"category","embeddable":true,"href":"https:\/\/www.elche.es\/va\/wp-json\/wp\/v2\/categories?post=82454"},{"taxonomy":"post_tag","embeddable":true,"href":"https:\/\/www.elche.es\/va\/wp-json\/wp\/v2\/tags?post=82454"}],"curies":[{"name":"wp","href":"https:\/\/api.w.org\/{rel}","templated":true}]}}