{"id":82791,"date":"2019-02-22T13:20:50","date_gmt":"2019-02-22T12:20:50","guid":{"rendered":"http:\/\/www.elche.es\/va\/?p=82791"},"modified":"2019-02-22T13:20:50","modified_gmt":"2019-02-22T12:20:50","slug":"nova-edicio-del-taller-com-ser-el-mes-gran-del-xicotet-comerc-a-laltet","status":"publish","type":"post","link":"https:\/\/www.elche.es\/va\/2019\/02\/nova-edicio-del-taller-com-ser-el-mes-gran-del-xicotet-comerc-a-laltet\/","title":{"rendered":"Nova edici\u00f3 del taller &#8220;Com ser el m\u00e9s gran del xicotet comer\u00e7&#8221; a l&#8217;Altet"},"content":{"rendered":"<p>&nbsp;<\/p>\n<p>Dimarts que ve, 26 de febrer, tindr\u00e0 comen\u00e7ament una nova edici\u00f3 del curs o taller completament gratu\u00eft denominat &#8220;<strong>Com ser el m\u00e9s gran del xicotet comer\u00e7<\/strong>&#8220;. Aquest curs, <strong>enfocat a les persones professionals, empres\u00e0ries i empleades de comer\u00e7<\/strong>, ha sigut organitzat per l&#8217;Associaci\u00f3 de Comerciants de l&#8217;Altet i patrocinat per l&#8217;<a href=\"https:\/\/comercioselx.com\/ca\/\" target=\"_blank\">Ag\u00e8ncia per al foment de la innovaci\u00f3 comercial<\/a>, en el marc de les pol\u00edtiques de suport a les associacions del xicotet comer\u00e7 local.<\/p>\n<p>En el taller s&#8217;explicaran diversos\u00a0<strong><em>tips<\/em> o consells per a augmentar les vendes i ampliar la cartera de clients<\/strong>.<\/p>\n<p>El taller ser\u00e0 a c\u00e0rrec del ponent Tom\u00e1s Quiles Alfosea, CEO d&#8217;AlfoseaRetailDesign i es dividir\u00e0 en 2 sessions: la primera tindr\u00e0 lloc <strong>el 26 de febrer de 8.00 h a 9.30 h<\/strong> i la segona <strong>el dijous 28 de febrer de 8.00 h a 9.30 h<\/strong>, totes dues al centre social de l&#8217;Altet.<\/p>\n<p>Per a assistir ser\u00e0 necessari inscriure&#8217;s mitjan\u00e7ant l&#8217;enviament d&#8217;un correu a\u00a0<a href=\"mailto:acaelaltet@gmail.com\">acaelaltet@gmail.com<\/a><\/p>\n","protected":false},"excerpt":{"rendered":"<p>&nbsp; Dimarts que ve, 26 de febrer, tindr\u00e0 comen\u00e7ament una nova edici\u00f3 del curs o taller completament gratu\u00eft denominat &#8220;Com ser el m\u00e9s gran del xicotet comer\u00e7&#8220;. Aquest curs, enfocat [&hellip;]<\/p>\n","protected":false},"author":15,"featured_media":82783,"comment_status":"closed","ping_status":"closed","sticky":false,"template":"","format":"standard","meta":{"footnotes":""},"categories":[183],"tags":[396,1982],"class_list":["post-82791","post","type-post","status-publish","format-standard","has-post-thumbnail","hentry","category-pomocio-economica","tag-comercio-va","tag-promocion-economica-va"],"_links":{"self":[{"href":"https:\/\/www.elche.es\/va\/wp-json\/wp\/v2\/posts\/82791","targetHints":{"allow":["GET"]}}],"collection":[{"href":"https:\/\/www.elche.es\/va\/wp-json\/wp\/v2\/posts"}],"about":[{"href":"https:\/\/www.elche.es\/va\/wp-json\/wp\/v2\/types\/post"}],"author":[{"embeddable":true,"href":"https:\/\/www.elche.es\/va\/wp-json\/wp\/v2\/users\/15"}],"replies":[{"embeddable":true,"href":"https:\/\/www.elche.es\/va\/wp-json\/wp\/v2\/comments?post=82791"}],"version-history":[{"count":0,"href":"https:\/\/www.elche.es\/va\/wp-json\/wp\/v2\/posts\/82791\/revisions"}],"wp:featuredmedia":[{"embeddable":true,"href":"https:\/\/www.elche.es\/va\/wp-json\/wp\/v2\/media\/82783"}],"wp:attachment":[{"href":"https:\/\/www.elche.es\/va\/wp-json\/wp\/v2\/media?parent=82791"}],"wp:term":[{"taxonomy":"category","embeddable":true,"href":"https:\/\/www.elche.es\/va\/wp-json\/wp\/v2\/categories?post=82791"},{"taxonomy":"post_tag","embeddable":true,"href":"https:\/\/www.elche.es\/va\/wp-json\/wp\/v2\/tags?post=82791"}],"curies":[{"name":"wp","href":"https:\/\/api.w.org\/{rel}","templated":true}]}}