{"id":82807,"date":"2019-02-22T13:33:07","date_gmt":"2019-02-22T12:33:07","guid":{"rendered":"http:\/\/www.elche.es\/va\/?p=82807"},"modified":"2019-02-28T10:14:37","modified_gmt":"2019-02-28T09:14:37","slug":"lajuntament-amplia-el-termini-dentrega-de-documentacio-dels-tramits-afectats-per-lavaria-del-sistema-informatic","status":"publish","type":"post","link":"https:\/\/www.elche.es\/va\/2019\/02\/lajuntament-amplia-el-termini-dentrega-de-documentacio-dels-tramits-afectats-per-lavaria-del-sistema-informatic\/","title":{"rendered":"L&#8217;Ajuntament amplia el termini d&#8217;entrega de documentaci\u00f3 dels tr\u00e0mits afectats per l&#8217;avaria del sistema inform\u00e0tic"},"content":{"rendered":"<blockquote><p>Des de dissabte, els serveis t\u00e8cnics de l&#8217;Ajuntament treballen per a restablir el servei<\/p><\/blockquote>\n<p>&nbsp;<\/p>\n<p>La portaveu de la Junta de Govern Local Patr\u00edcia Maci\u00e0 ha anunciat l&#8217;ampliaci\u00f3, a efectes interns i de ciutadania, del termini d&#8217;entrega de documentaci\u00f3 d&#8217;aquells tr\u00e0mits afectats per l&#8217;avaria del sistema inform\u00e0tic del consistori, segons el que disposa l&#8217;article 32.4 de la Llei de Procediment Administratiu, que aix\u00ed ho contempla davant qualsevol adversitat. &#8220;Per a explicar-ho de manera senzilla, \u00e9s com si aquesta setmana haguera sigut inh\u00e0bil&#8221;, ha dit Maci\u00e0, que ha manifestat la intenci\u00f3 de l&#8217;Ajuntament d&#8217;estendre els venciments &#8220;en cinc dies per als tr\u00e0mits en vigor no ven\u00e7uts&#8221;.<\/p>\n<p><a href=\"https:\/\/www.elche.es\/wp-content\/uploads\/2019\/02\/3271_incidencia-red-inform\u00e1tica.pdf\">Enlla\u00e7 a l&#8217;acord<\/a><\/p>\n","protected":false},"excerpt":{"rendered":"<p>Des de dissabte, els serveis t\u00e8cnics de l&#8217;Ajuntament treballen per a restablir el servei &nbsp; La portaveu de la Junta de Govern Local Patr\u00edcia Maci\u00e0 ha anunciat l&#8217;ampliaci\u00f3, a efectes [&hellip;]<\/p>\n","protected":false},"author":15,"featured_media":82809,"comment_status":"closed","ping_status":"closed","sticky":false,"template":"","format":"standard","meta":{"footnotes":""},"categories":[161,391,205],"tags":[],"class_list":["post-82807","post","type-post","status-publish","format-standard","has-post-thumbnail","hentry","category-ajuntament","category-home-va","category-omac-2-va"],"_links":{"self":[{"href":"https:\/\/www.elche.es\/va\/wp-json\/wp\/v2\/posts\/82807","targetHints":{"allow":["GET"]}}],"collection":[{"href":"https:\/\/www.elche.es\/va\/wp-json\/wp\/v2\/posts"}],"about":[{"href":"https:\/\/www.elche.es\/va\/wp-json\/wp\/v2\/types\/post"}],"author":[{"embeddable":true,"href":"https:\/\/www.elche.es\/va\/wp-json\/wp\/v2\/users\/15"}],"replies":[{"embeddable":true,"href":"https:\/\/www.elche.es\/va\/wp-json\/wp\/v2\/comments?post=82807"}],"version-history":[{"count":0,"href":"https:\/\/www.elche.es\/va\/wp-json\/wp\/v2\/posts\/82807\/revisions"}],"wp:featuredmedia":[{"embeddable":true,"href":"https:\/\/www.elche.es\/va\/wp-json\/wp\/v2\/media\/82809"}],"wp:attachment":[{"href":"https:\/\/www.elche.es\/va\/wp-json\/wp\/v2\/media?parent=82807"}],"wp:term":[{"taxonomy":"category","embeddable":true,"href":"https:\/\/www.elche.es\/va\/wp-json\/wp\/v2\/categories?post=82807"},{"taxonomy":"post_tag","embeddable":true,"href":"https:\/\/www.elche.es\/va\/wp-json\/wp\/v2\/tags?post=82807"}],"curies":[{"name":"wp","href":"https:\/\/api.w.org\/{rel}","templated":true}]}}