{"id":83661,"date":"2019-03-04T10:16:47","date_gmt":"2019-03-04T09:16:47","guid":{"rendered":"http:\/\/www.elche.es\/va\/?p=83661"},"modified":"2019-03-04T10:16:47","modified_gmt":"2019-03-04T09:16:47","slug":"lalcalde-delx-defensa-el-transvasament-tajo-segura-durant-el-lliurament-de-la-distincio-agricultor-de-lany-2018-a-lempresa-andres-anton-esclapez-sl","status":"publish","type":"post","link":"https:\/\/www.elche.es\/va\/2019\/03\/lalcalde-delx-defensa-el-transvasament-tajo-segura-durant-el-lliurament-de-la-distincio-agricultor-de-lany-2018-a-lempresa-andres-anton-esclapez-sl\/","title":{"rendered":"L&#8217;alcalde d&#8217;Elx defensa el transvasament Tajo-Segura durant el lliurament de la distinci\u00f3 \u201cAgricultor de l&#8217;any 2018\u201d a l&#8217;empresa Andr\u00e9s Ant\u00f3n Esclapez SL"},"content":{"rendered":"<blockquote><p>\u201cDonem suport sense cap mena de fissura al memor\u00e0ndum i a la seua estricta aplicaci\u00f3 perqu\u00e8 el transvasament \u00e9s imprescindible, irrenunciable i insubstitu\u00efble per al Llevant i per al Camp d\u2019Elx\u201d, assegura Carlos Gonz\u00e1lez<\/p>\n<p>El guard\u00f3 concedit per ASAJA va ser recollit pels germans Isabel i Vicente Ant\u00f3n durant un acte que es va celebrar en el restaurant Nugolat<\/p>\n<p>&nbsp;<\/p><\/blockquote>\n<p>L&#8217;alcalde d&#8217;Elx, Carlos Gonz\u00e1lez, va defensar el transvasament Tajo-Segura i l&#8217;estricta aplicaci\u00f3 del memor\u00e0ndum que el regula durant el lliurament de la distinci\u00f3 \u201cAgricultor de l&#8217;any 2018\u201d concedida per Joves Agricultors Asaja Elx a l&#8217;empresa familiar Andr\u00e9s Ant\u00f3n Esclapez SL, regentada pels germans Isabel i Vicente Ant\u00f3n, en reconeixement a la seua dilatada traject\u00f2ria en la producci\u00f3 i comercialitzaci\u00f3 dels fruits del camp il\u00b7licit\u00e0, especialment la magrana mollar.<\/p>\n<p>L&#8217;acte es va celebrar en el restaurant Nugolat i va comptar amb l&#8217;assist\u00e8ncia de nombrosos agricultors il\u00b7licitans, aix\u00ed com dels membres de l&#8217;Equip de Govern Municipal: Antonio Garc\u00eda, Ana Arabid i Felip S\u00e1nchez, regidor de Medi rural, regidora d&#8217;Hisenda i regidor de Participaci\u00f3 Ciutadana, respectivament, entre altres representants de la Corporaci\u00f3 Municipal.<\/p>\n<p>La distinci\u00f3 va ser entregada per l&#8217;alcalde i el president d&#8217;Asaja Elx, Pedro Valero, a Isabel i Vicente Ant\u00f3n, responsables d&#8217;una empresa fundada pel seu pare, Andr\u00e9s Ant\u00f3n Esclapez en 1961, que en l&#8217;actualitat compta amb un total de 53 hect\u00e0rees cultivades de magrana i carxofa amb una producci\u00f3 de 700.000 i 100.000 quilos, respectivament, d&#8217;aquests productes. La manipulaci\u00f3, envasament i c\u00e0rrega es realitza en unes modernes instal\u00b7lacions que ocupen 3.500 metres quadrats en la pedania de la Foia. La seua divisi\u00f3 comercial s&#8217;encarrega de distribuir tant a nivell nacional com internacional els productes que gestionen, a m\u00e9s de la magrana i les carxofes, pimentons, carabassetes i faves.<\/p>\n<p><strong>Suport sense fissures<\/strong><\/p>\n<p>\u201cVull parlar de l&#8217;aigua i del transvasament Tajo-Segura que enguany compleix 40 anys. Dir\u00e9 el mateix que us he dit durant aquests quatre anys i el mateix que vaig dir en IFA davant milers de comuners de Regs de Llevant i a Madrid quan vaig acompanyar a molts de vosaltres davant el Ministeri d&#8217;Agricultura al mar\u00e7 de 2018. L&#8217;aigua \u00e9s a l&#8217;agricultura el mateix que l&#8217;energia a la ind\u00fastria. Sense aigua no pot haver-hi producci\u00f3 agr\u00edcola i per aix\u00f2 donem suport, com us he dit, sense fissures de cap mena, al memor\u00e0ndum i a la seua estricta aplicaci\u00f3. I, per aix\u00f2, considerem que el transvasament Tajo-Segura \u00e9s imprescindible, \u00e9s irreempla\u00e7able i \u00e9s insubstitu\u00efble per al Llevant en general i el Camp d\u2019Elx en particular. Estarem al vostre costat en la defensa de l&#8217;aigua que necessita el camp d&#8217;Elx, governe qui governe a Castella-la Manxa i a Madrid\u201d, va manifestar l&#8217;alcalde il\u00b7licit\u00e0 durant la seua intervenci\u00f3 en l&#8217;acte.<\/p>\n<p>Carlos Gonz\u00e1lez tamb\u00e9 va defensar el Camp d\u2019Elx com a motor de l&#8217;economia local, motor per a la generaci\u00f3 d&#8217;ocupaci\u00f3 i riquesa. \u201cPer a mi, com a alcalde, el camp \u00e9s important en el vessant econ\u00f2mic i cultural. L&#8217;Elx modern i din\u00e0mic de hui afona les seues arrels en la societat agr\u00e0ria de finals del segle XIX. El nostre origen est\u00e0 en les gents del camp, en la seua laboriositat i capacitat de fer negocis i de saber tirar avant les seues produccions agr\u00e0ries. Per aix\u00f2 valorem molt el Camp d\u2019Elx i fem tot el possible per a donar-vos suport com a sector econ\u00f2mic per\u00f2 tamb\u00e9 com a valor cultural\u201d, va destacar el regidor il\u00b7licit\u00e0.<\/p>\n<p>Per a l&#8217;alcalde, els germans Isabel i Vicente \u201csimbolitzen a la perfecci\u00f3 la figura del nou agricultor d&#8217;Elx, de l&#8217;agricultura de futur que conjuga el millor de la tradici\u00f3 del Camp d\u2019Elx amb les m\u00e9s modernes t\u00e8cniques per a ser competitius\u201d. Gonz\u00e1lez va voler destacar tamb\u00e9 la condici\u00f3 d&#8217;empres\u00e0ria i agricultora d&#8217;Isabel \u201cja que est\u00e0 tan pr\u00f2xima la celebraci\u00f3 del 8 de mar\u00e7, Dia Internacional de la Dona Treballadora\u201d.<\/p>\n<p><strong>Relleu generacional<\/strong><\/p>\n<p>El president d&#8217;Asaja va destacar que \u201caquesta empresa fomenta el relleu generacional en el sector, que continua amb l&#8217;empresa familiar del seu pare, que s\u00f3n emprenedors, atenen la diversificaci\u00f3 i lluiten cont\u00ednuament per potenciar el producte de la nostra terra, la magrana, especialment en un any tan dram\u00e0tic com aquest, en el qual els preus no han sigut favorables\u201d.<\/p>\n<p>Els guardonats, per part seua, han dedicat el premi al seu pare \u201cd&#8217;una manera molt especial perqu\u00e8 ell va ser el fundador de l&#8217;empresa familiar all\u00e0 per l&#8217;any 1961, i amb el temps va anar adquirint importants plantacions en el Camp d&#8217;Elx apostant per productes locals com la magrana mollar. Ell va saber sempre, als meus germans i a mi, introduir-nos el seu esperit emprenedor, de const\u00e0ncia i sacrifici que han fet que durant m\u00e9s de 50 anys continuem creixent com a empresa. Ja s\u00f3n diversos els anys que ja no est\u00e0 present per\u00f2 el seu record sempre estar\u00e0 amb nosaltres\u201d, va assenyalar Vicente Ant\u00f3n, qui tamb\u00e9 va tindre un emotiu record per al seu germ\u00e0 Juan.<\/p>\n","protected":false},"excerpt":{"rendered":"<p>\u201cDonem suport sense cap mena de fissura al memor\u00e0ndum i a la seua estricta aplicaci\u00f3 perqu\u00e8 el transvasament \u00e9s imprescindible, irrenunciable i insubstitu\u00efble per al Llevant i per al Camp [&hellip;]<\/p>\n","protected":false},"author":15,"featured_media":83647,"comment_status":"closed","ping_status":"closed","sticky":false,"template":"","format":"standard","meta":{"footnotes":""},"categories":[211],"tags":[],"class_list":["post-83661","post","type-post","status-publish","format-standard","has-post-thumbnail","hentry","category-medi-ambient-va"],"_links":{"self":[{"href":"https:\/\/www.elche.es\/va\/wp-json\/wp\/v2\/posts\/83661","targetHints":{"allow":["GET"]}}],"collection":[{"href":"https:\/\/www.elche.es\/va\/wp-json\/wp\/v2\/posts"}],"about":[{"href":"https:\/\/www.elche.es\/va\/wp-json\/wp\/v2\/types\/post"}],"author":[{"embeddable":true,"href":"https:\/\/www.elche.es\/va\/wp-json\/wp\/v2\/users\/15"}],"replies":[{"embeddable":true,"href":"https:\/\/www.elche.es\/va\/wp-json\/wp\/v2\/comments?post=83661"}],"version-history":[{"count":0,"href":"https:\/\/www.elche.es\/va\/wp-json\/wp\/v2\/posts\/83661\/revisions"}],"wp:featuredmedia":[{"embeddable":true,"href":"https:\/\/www.elche.es\/va\/wp-json\/wp\/v2\/media\/83647"}],"wp:attachment":[{"href":"https:\/\/www.elche.es\/va\/wp-json\/wp\/v2\/media?parent=83661"}],"wp:term":[{"taxonomy":"category","embeddable":true,"href":"https:\/\/www.elche.es\/va\/wp-json\/wp\/v2\/categories?post=83661"},{"taxonomy":"post_tag","embeddable":true,"href":"https:\/\/www.elche.es\/va\/wp-json\/wp\/v2\/tags?post=83661"}],"curies":[{"name":"wp","href":"https:\/\/api.w.org\/{rel}","templated":true}]}}