{"id":84125,"date":"2019-03-06T13:54:25","date_gmt":"2019-03-06T12:54:25","guid":{"rendered":"http:\/\/www.elche.es\/va\/?p=84125"},"modified":"2019-03-06T13:54:25","modified_gmt":"2019-03-06T12:54:25","slug":"lajuntament-destina-58-000-euros-del-pacte-destat-contra-la-violencia-de-genere-a-activitats-de-sensibilitzacio-prevencio-i-atencio-a-victimes","status":"publish","type":"post","link":"https:\/\/www.elche.es\/va\/2019\/03\/lajuntament-destina-58-000-euros-del-pacte-destat-contra-la-violencia-de-genere-a-activitats-de-sensibilitzacio-prevencio-i-atencio-a-victimes\/","title":{"rendered":"L&#8217;Ajuntament destina 58.000 euros del Pacte d&#8217;Estat contra la Viol\u00e8ncia de G\u00e8nere a activitats de sensibilitzaci\u00f3, prevenci\u00f3 i atenci\u00f3 a v\u00edctimes"},"content":{"rendered":"<blockquote><p>La regidora d&#8217;Igualtat, Teresa Maci\u00e1, ha presentat les accions que ha empr\u00e9s l&#8217;Ajuntament gr\u00e0cies a la subvenci\u00f3 de l&#8217;Estat corresponent al Pacte d&#8217;Estat contra la viol\u00e8ncia de g\u00e8nere. Un total de 57.945,63\u20ac que s&#8217;han destinat a programes de prevenci\u00f3, sensibilitzaci\u00f3 i millora en l&#8217;atenci\u00f3 a dones v\u00edctimes de la viol\u00e8ncia de g\u00e8nere<\/p>\n<p>&nbsp;<\/p><\/blockquote>\n<p>\u201cEs tracta d&#8217;accions que complementen els diferents programes empresos per la regidoria d&#8217;Igualtat i que tenen com a fi erradicar la viol\u00e8ncia de g\u00e8nere, i donar suport a un dels sectors m\u00e9s vulnerables de la societat com s\u00f3n les dones i els\/les menors v\u00edctimes\u201d, ha explicat la regidora.<\/p>\n<p>En mat\u00e8ria de prevenci\u00f3, Maci\u00e1 ha destacat el taller de &#8216;Coeducaci\u00f3. Prevenci\u00f3 i acompanyament davant\u00a0la viol\u00e8ncia de g\u00e8nere en l&#8217;adolesc\u00e8ncia&#8217; que es posar\u00e0 en marxa a l&#8217;IES Gaiet\u00e0 Sempere. El taller se centra en la detecci\u00f3 i el rebuig de les actituds de possessi\u00f3, dominaci\u00f3 i control. Aix\u00ed com les primeres expressions de la viol\u00e8ncia: l&#8217;assetjament moral i el xantatge emocional. I es treballa amb un q\u00fcestionari diagn\u00f2stic.<\/p>\n<p>\u201cL&#8217;objectiu \u00e9s oferir a l&#8217;alumnat l&#8217;oportunitat d&#8217;estudiar la viol\u00e8ncia de g\u00e8nere amb l&#8217;ajuda de professionals experts en la mat\u00e8ria; con\u00e9ixer l&#8217;opini\u00f3 de l&#8217;alumnat sobre la viol\u00e8ncia de g\u00e8nere i contribuir a la seua correcta identificaci\u00f3 i rebuig mitjan\u00e7ant el pensament cr\u00edtic i el di\u00e0leg, i promoure a l&#8217;aula un clima de confian\u00e7a i companyia entre iguals a fi de superar la por i la soledat davant\u00a0la viol\u00e8ncia de g\u00e8nere\u201d.<\/p>\n<p>&nbsp;<\/p>\n<p><strong>Altres iniciatives de prevenci\u00f3<\/strong><\/p>\n<p><strong>-Projecte \u201cCoeducaci\u00f3: Una realitat\u201d<\/strong><\/p>\n<p>Intervenci\u00f3 per als grups de 4t i 5\u00e9 de Prim\u00e0ria del CEIP Vicente Blasco Iba\u00f1ez. 12 sessions que tindran lloc des del dia 3 de maig al 9 de juny.<br \/>\nObjectius:<\/p>\n<ul>\n<li>Distingir entre sexe (biologia) i g\u00e8nere (cultura).<\/li>\n<li>Comprendre que les difer\u00e8ncies biol\u00f2giques no justifiquen les difer\u00e8ncies culturals entre xics i xiques.<\/li>\n<li>Descriure, explicar i discutir possibles estereotips de g\u00e8nere que apareguen durant les sessions.<\/li>\n<li>Recon\u00e9ixer i prendre responsabilitat sobre les tasques dom\u00e8stiques.<\/li>\n<li>Informar les fam\u00edlies sobre els objectius de la coeducaci\u00f3 i la relaci\u00f3 amb la prevenci\u00f3 de viol\u00e8ncia de g\u00e8nere.<\/li>\n<\/ul>\n<p>&nbsp;<\/p>\n<p><strong>-Projecte de prevenci\u00f3: \u201cResponsables: Prevenci\u00f3 de la viol\u00e8ncia de g\u00e8nere en l&#8217;adolesc\u00e8ncia a trav\u00e9s de la gesti\u00f3 de conflictes\u201d.<br \/>\n<\/strong><\/p>\n<p>A desenvolupar en l&#8217;IES de Carr\u00fas, des del 18 de mar\u00e7 al 15 d&#8217;abril.<\/p>\n<p>Objectius espec\u00edfics:<\/p>\n<ul>\n<li>Detectar i confrontar creences sexistes tradicionals (hostils) i subtils (ben\u00e8voles) instal\u00b7lades en els adolescents.<\/li>\n<li>Percepci\u00f3 de conductes d&#8217;ab\u00fas o identificar i etiquetar conductes d&#8217;ab\u00fas de nivell baix (primers escalons de l&#8217;escala de viol\u00e8ncia de g\u00e8nere).<\/li>\n<li>Identificar factors de protecci\u00f3 relacionats amb la gesti\u00f3, autoregulaci\u00f3 i expressi\u00f3 emocional en relaci\u00f3 a les conductes de sexisme i d&#8217;ab\u00fas cap a la dona en l&#8217;\u00e0mbit escolar, que puguen servir per a la seua detecci\u00f3 preco\u00e7.<\/li>\n<\/ul>\n<p>&nbsp;<\/p>\n<p><strong>-Projecte\u00a0de prevenci\u00f3 \u201cMirades\u201d.\u00a0<\/strong>Educaci\u00f3 en valors per a la igualtat i la prevenci\u00f3 de la viol\u00e8ncia de g\u00e8nere a trav\u00e9s del <em>v\u00eddeoart<\/em>.<\/p>\n<p>Fundaci\u00f3 Secretariat Gitano Elx. Abril\/maig. Horari de vesprada. Per confirmar dates.<\/p>\n<p>CEIP Jaume Balmes 3, 4, 5 i 7 de juny.<\/p>\n<p>CEIP Candalix 17, 18, 19, i 20 de juny.<\/p>\n<p>Objectiu general: Contribuir des d&#8217;un enfocament socioeducatiu, de car\u00e0cter art\u00edstic i preventiu primari, a la reducci\u00f3 i visibilitzaci\u00f3 de la viol\u00e8ncia de g\u00e8nere com a fenomen cultural, hist\u00f2ric i estructural.<\/p>\n<p>Objectius espec\u00edfics:<\/p>\n<ul>\n<li>Fomentar el desenvolupament d&#8217;actituds cr\u00edtiques i proactives davant del fenomen de la viol\u00e8ncia de g\u00e8nere.<\/li>\n<li>Adquirir els coneixements necessaris per a poder desenvolupar un comprom\u00eds cr\u00edtic amb la problem\u00e0tica de la viol\u00e8ncia de g\u00e8nere.<\/li>\n<li>Facilitar el desenvolupament d&#8217;una masculinitat cr\u00edtica amb els mandats de g\u00e8nere heteropatriarcals.<\/li>\n<li>Plasmar la viol\u00e8ncia de g\u00e8nere mitjan\u00e7ant l&#8217;elaboraci\u00f3 de <em>v\u00eddeoart<\/em>.<\/li>\n<\/ul>\n<p>&nbsp;<\/p>\n<p><strong>-Elaboraci\u00f3 de la guia \u201cAmor?.Nom\u00e9s del bo&#8221;<\/strong><\/p>\n<p>Per a la prevenci\u00f3 primerenca de la viol\u00e8ncia masculina contra les dones. Dividida en tres cap\u00edtols dirigits a xiques, xics i fam\u00edlies o educadors\/es. Inclou un cos te\u00f2ric i activitats did\u00e0ctiques per al desenvolupament a l&#8217;aula, entre els 12 i 18 anys d&#8217;edat. Edici\u00f3 que es posaria a la disposici\u00f3 del professorat, de l&#8217;alumnat i de la poblaci\u00f3 en general.<\/p>\n<p><strong>-Projecte \u201cCibermanagers\u201d:<\/strong><\/p>\n<p>Es tracta d&#8217;un projecte de prevenci\u00f3 de la viol\u00e8ncia de g\u00e8nere a desenvolupar en centres educatius de Secund\u00e0ria.<\/p>\n<p>Els objectius principals s\u00f3n la sensibilitzaci\u00f3 sobre la viol\u00e8ncia de g\u00e8nere i oferir pautes per a l&#8217;educaci\u00f3 en igualtat. Formar i capacitar\u00a0 l&#8217;alumnat perqu\u00e8 siguen agents actius en la conscienciaci\u00f3 per a fer un m\u00f3n m\u00e9s igual, un m\u00f3n que no fa\u00e7a difer\u00e8ncies entre les oportunitats laborals, educatives i d&#8217;acc\u00e9s a diferents recursos, a homes i dones.<\/p>\n<p>Comen\u00e7a l&#8217;1 d&#8217;abril i acaba el 6 de maig.<\/p>\n<p>&nbsp;<\/p>\n<p><strong>-Proposta escolar de coeducaci\u00f3 i prevenci\u00f3 de la viol\u00e8ncia de g\u00e8nere escolar.<\/strong><\/p>\n<p>A desenvolupar en els CEIP de les pedanies, durant el mes d&#8217;abril i tamb\u00e9 maig.<\/p>\n<p>Objectiu: Formar i previndre la poblaci\u00f3 infantil amb la finalitat d&#8217;aconseguir un major coneixement i sensibilitzaci\u00f3 dels problemes associats a la igualtat.<\/p>\n<p>Quant a la labor de sensibilitzaci\u00f3, Maci\u00e1 ha destacat la campanya entorn de la prostituci\u00f3. S&#8217;est\u00e0 treballant en el disseny d&#8217;una campanya dirigida a previndre i sensibilitzar sobre aquest fenomen.<\/p>\n<p>&nbsp;<\/p>\n<p><strong>-I Congr\u00e9s Il\u00b7lustre Col\u00b7legi Oficial Criminologia Comunitat Valenciana sobre viol\u00e8ncia de g\u00e8nere<\/strong><\/p>\n<p>Ponent: Antonio Andr\u00e9s Pueyo. Catedr\u00e0tic Universitat Barcelona.<\/p>\n<p>Expert en viol\u00e8ncia de g\u00e8nere. Est\u00e0 millorant el programa VIOGEN, per a realitzar millor les valoracions de risc.<\/p>\n<p>&nbsp;<\/p>\n<p><strong>Projecci\u00f3 del documental \u201cEl Proxeneta: paso corto y mala leche\u201d, de Mabel Lozano.<\/strong><\/p>\n<p>Activitat: Projecci\u00f3 del documental i debat guiat per Mabel Lozano. Persones destinat\u00e0ries: ciutadania.<\/p>\n<p>Objectiu: informar i sensibilitzar perqu\u00e8 la ciutadania siga conscient de tot el que s&#8217;amaga i quina \u00e9s la realitat d&#8217;aquest delicte.<\/p>\n<p>&nbsp;<\/p>\n<p><strong>&#8211;\u00a0Cicle curts contra viol\u00e8ncia de g\u00e8nere 25 d&#8217;abril als Cinemes Od\u00e8on: 6 Curts<\/strong><\/p>\n<ul>\n<li><em>El orden de las cosas<\/em><\/li>\n<li><em>No aguanto a tus padres<\/em><\/li>\n<li><em>Miente<\/em><\/li>\n<li><em>Recursos Humanos<\/em><\/li>\n<li><em>Deazularrojo<\/em><\/li>\n<li><em>Libre Directo<\/em><\/li>\n<\/ul>\n<p>&nbsp;<\/p>\n<p><strong>-Contacontes teatralitzats amb titelles.<\/strong><\/p>\n<p>Activitat per a treballar la prevenci\u00f3 de la viol\u00e8ncia de g\u00e8nere, a trav\u00e9s de contacontes teatralitzats amb titelles:<\/p>\n<ul>\n<li>Ximeneres: 22 de mar\u00e7 a les 17.30 h-18 hores.<\/li>\n<li>La Glorieta:\u00a0 29 de mar\u00e7\u00a0a les 17.30 h-18 hores.<\/li>\n<li>Pla\u00e7a Castella: 5 d&#8217;abril a les 17.30 h-18 hores.<\/li>\n<\/ul>\n<p><strong>-Campanya Sabata Roja: \u00a0<\/strong>Es tracta d&#8217;una campanya de sensibilitzaci\u00f3 contra la viol\u00e8ncia de g\u00e8nere, realitzada a trav\u00e9s d&#8217;unes obres art\u00edstiques, en aquest cas dues sabates gegants que s&#8217;instal\u00b7laran en dues places de la ciutat, en homenatge a dones assassinades (pla\u00e7a dels Algeps i la pla\u00e7a del Centre de Congressos).<\/p>\n<p>&nbsp;<\/p>\n<p><strong>-Teatre &#8216;F\u00e9mina&#8217; (en pedanies).<\/strong><\/p>\n<p>&#8216;<em>F\u00e9mina. Las mujeres mueven el mundo<\/em>&#8216; \u00e9s un cant visceral al poder hist\u00f2ric de les dones per a moure el m\u00f3n. Durant el desenvolupament de l&#8217;espectacle es van tractant temes concrets que aborden el feminisme actual, el patriarcat, el sexisme, la cosificaci\u00f3, la bretxa salarial, el <em>mansplaining<\/em>, la viol\u00e8ncia masclista, terra enganx\u00f3s, sostre de vidre, sororitat, etc.<\/p>\n<ul>\n<li>30 de mar\u00e7: Torre del Gall, la Foia, 19 hores.<\/li>\n<li>6 d&#8217;abril: pla\u00e7a de l&#8217;Esgl\u00e9sia (la Vallverda), 20 hores.<\/li>\n<li>9 de maig en IES\u00a0Severo Ochoa.<\/li>\n<li>11 de maig, pla\u00e7a\u00a0del Centre Social L&#8217;Altet, 20 hores.<\/li>\n<\/ul>\n<p>&nbsp;<\/p>\n<p>Respecte a la millora en l&#8217;atenci\u00f3 a dones v\u00edctimes de viol\u00e8ncia de g\u00e8nere la regidora ha esmentat els tallers de ioga per a dones v\u00edctimes de viol\u00e8ncia de g\u00e8nere. \u201cEs tracta d&#8217;una iniciativa dirigida a dones que propicia i enforteix lla\u00e7os socials, a m\u00e9s de poder gaudir dels beneficis per a la salut que ofereix la pr\u00e0ctica del ioga\u201d, ha indicat.<br \/>\nAltres activitats s\u00f3n:<\/p>\n<p><strong>&#8211;\u00a0Projecte d&#8217;inserci\u00f3 laboral, cerca activa d&#8217;ocupaci\u00f3 per a dones v\u00edctimes de viol\u00e8ncia de g\u00e8nere.<br \/>\n<\/strong><\/p>\n<p>Objectiu general: millorar la inserci\u00f3 laboral de dones v\u00edctimes de viol\u00e8ncia de g\u00e8nere actualitzant, millorant i innovant en els processos i metodologies de cerca d&#8217;ocupaci\u00f3 en plena era digital.<\/p>\n","protected":false},"excerpt":{"rendered":"<p>La regidora d&#8217;Igualtat, Teresa Maci\u00e1, ha presentat les accions que ha empr\u00e9s l&#8217;Ajuntament gr\u00e0cies a la subvenci\u00f3 de l&#8217;Estat corresponent al Pacte d&#8217;Estat contra la viol\u00e8ncia de g\u00e8nere. Un total [&hellip;]<\/p>\n","protected":false},"author":15,"featured_media":84102,"comment_status":"closed","ping_status":"closed","sticky":false,"template":"","format":"standard","meta":{"footnotes":""},"categories":[190,209,391,2235],"tags":[],"class_list":["post-84125","post","type-post","status-publish","format-standard","has-post-thumbnail","hentry","category-drets-socials","category-igualtat-va","category-home-va","category-pedania"],"_links":{"self":[{"href":"https:\/\/www.elche.es\/va\/wp-json\/wp\/v2\/posts\/84125","targetHints":{"allow":["GET"]}}],"collection":[{"href":"https:\/\/www.elche.es\/va\/wp-json\/wp\/v2\/posts"}],"about":[{"href":"https:\/\/www.elche.es\/va\/wp-json\/wp\/v2\/types\/post"}],"author":[{"embeddable":true,"href":"https:\/\/www.elche.es\/va\/wp-json\/wp\/v2\/users\/15"}],"replies":[{"embeddable":true,"href":"https:\/\/www.elche.es\/va\/wp-json\/wp\/v2\/comments?post=84125"}],"version-history":[{"count":0,"href":"https:\/\/www.elche.es\/va\/wp-json\/wp\/v2\/posts\/84125\/revisions"}],"wp:featuredmedia":[{"embeddable":true,"href":"https:\/\/www.elche.es\/va\/wp-json\/wp\/v2\/media\/84102"}],"wp:attachment":[{"href":"https:\/\/www.elche.es\/va\/wp-json\/wp\/v2\/media?parent=84125"}],"wp:term":[{"taxonomy":"category","embeddable":true,"href":"https:\/\/www.elche.es\/va\/wp-json\/wp\/v2\/categories?post=84125"},{"taxonomy":"post_tag","embeddable":true,"href":"https:\/\/www.elche.es\/va\/wp-json\/wp\/v2\/tags?post=84125"}],"curies":[{"name":"wp","href":"https:\/\/api.w.org\/{rel}","templated":true}]}}