{"id":84254,"date":"2019-03-07T10:22:24","date_gmt":"2019-03-07T09:22:24","guid":{"rendered":"http:\/\/www.elche.es\/va\/?p=84254"},"modified":"2019-03-15T14:18:12","modified_gmt":"2019-03-15T13:18:12","slug":"llum-verda-a-23-propostes-per-al-camp-delx-i-a-61-per-als-barris-gracies-al-pressupost-participatiu","status":"publish","type":"post","link":"https:\/\/www.elche.es\/va\/2019\/03\/llum-verda-a-23-propostes-per-al-camp-delx-i-a-61-per-als-barris-gracies-al-pressupost-participatiu\/","title":{"rendered":"Llum verda a 23 propostes per al Camp d\u2019Elx i a 61 per als barris gr\u00e0cies al Pressupost Participatiu"},"content":{"rendered":"<blockquote><p>El regidor de Participaci\u00f3, Felip S\u00e0nchez, destaca que ha crescut el percentatge d&#8217;actuacions que es duran a terme<\/p>\n<p>Entre les actuacions previstes es troba la renovaci\u00f3 de jocs infantils en places, noves estacions de BiciElx o la creaci\u00f3 ombres en col\u00b7legis<\/p><\/blockquote>\n<p><strong>\u00a0<\/strong><\/p>\n<p>El regidor de Participaci\u00f3, Felip S\u00e0nchez, ha informat sobre les propostes del Pressupost Participatiu de 2019, propostes que es van presentar en 2018. S\u00e0nchez ha recordat que aquestes propostes s&#8217;han elaborat amb una variaci\u00f3 respecte a anys anteriors i \u00e9s que la viabilitat econ\u00f2mica i t\u00e8cnica es realitzava posteriorment a la votaci\u00f3, per a no saturar els serveis t\u00e8cnics de l&#8217;Ajuntament.<\/p>\n<p>\u201cUna vegada que ja ha sigut valorada la viabilitat de les propostes cal dir que de les 576 presentades s&#8217;executaran un total de 84, la qual cosa suposa un increment de dos punts de propostes respecte a l&#8217;anterior edici\u00f3. Un 15% de les propostes presentades s\u00f3n viables enfront del 13% de l&#8217;any passat\u201d, ha indicat el regidor qui ha recordat que el municipi es divideix en quatre zones rurals i quatre zones en el nucli urb\u00e0.<\/p>\n<p>\u201cAl Camp d\u2019Elx tiren avant 23 propostes i en el nucli urb\u00e0 un total de 61 propostes dels ciutadans i ciutadanes\u201d, ha assenyalat el regidor. Algunes de les actuacions que es duran a terme s\u00f3n: la incorporaci\u00f3 de jocs inclusius en parcs infantils de l&#8217;Altet; dues estacions BiciElx en el pol\u00edgon industrial de Carr\u00fas; wifi en places de Carr\u00fas (jard\u00ed d&#8217;Andalusia i pla\u00e7a Madrid); nova zona d&#8217;exercici a l&#8217;aire lliure en Pla\/Sector V: jocs <em>skate<\/em> i roc\u00f2drom; condicionament sem\u00e0for de C\/Eugeni d&#8217;Ors amb Porta de la Morera a persones amb diversitat funcional; renovaci\u00f3 de jocs infantils en parc infantil de Pisos Blaus; ampliaci\u00f3 de jocs infantils a pla\u00e7a Castella; marquesina en parada d&#8217;autob\u00fas cam\u00ed vell de Crevillent; o intervencions en col\u00b7legis i escoles infantils d&#8217;Elx com la col\u00b7locaci\u00f3 de tendals i elements d&#8217;ombra en patis, o instal\u00b7laci\u00f3 de fonts, entre altres.<\/p>\n<p>Les \u00e0rees que han comptat amb m\u00e9s propostes han sigut Mobilitat, Edificis Municipals i Parcs i jardins.<\/p>\n<p>\u201cI quan donem a con\u00e9ixer les propostes corresponents a 2018 que es duran a terme, anunciem que ja es posa en marxa el Pressupost Participatiu de 2019\u201d, ha indicat el regidor. El termini per a la presentaci\u00f3 de les propostes comen\u00e7a l&#8217;11 de mar\u00e7 i finalitza el 5 d&#8217;abril i les votacions es duran a terme del 15 d&#8217;abril al 10 de maig.<\/p>\n<p>Les caracter\u00edstiques dels projectes a presentar s\u00f3n:<\/p>\n<ul>\n<li>Inversi\u00f3 nova, o una millora.<\/li>\n<li>Compet\u00e8ncia de l&#8217;Ajuntament.<\/li>\n<li>A executar en via p\u00fablica, instal\u00b7lacions o terreny municipals.<\/li>\n<li>Car\u00e0cter concret, determinat i avaluable econ\u00f2micament.<\/li>\n<li>Realitzaci\u00f3 en un \u00fanic exercici pressupostari.<\/li>\n<li>No entrar en conflicte o duplicar altres iniciatives municipals.<\/li>\n<\/ul>\n<p>Poden participar els majors de 16 anys que residisquen a Elx.<\/p>\n<p>\u201cLa presentaci\u00f3 de propostes pot ser online en la p\u00e0gina web de l&#8217;Ajuntament, com la votaci\u00f3, per\u00f2 tamb\u00e9 es poden presentar propostes en les OMAC\u201d, ha concl\u00f2s el regidor.<\/p>\n<p><a href=\"https:\/\/www.elche.es\/wp-content\/uploads\/2019\/03\/Resultados-votaciones-2018-Resultats-votacions-2018-1.pdf\">Resultats votacions 2018<\/a><\/p>\n","protected":false},"excerpt":{"rendered":"<p>El regidor de Participaci\u00f3, Felip S\u00e0nchez, destaca que ha crescut el percentatge d&#8217;actuacions que es duran a terme Entre les actuacions previstes es troba la renovaci\u00f3 de jocs infantils en [&hellip;]<\/p>\n","protected":false},"author":15,"featured_media":84247,"comment_status":"closed","ping_status":"closed","sticky":false,"template":"","format":"standard","meta":{"footnotes":""},"categories":[391,208],"tags":[],"class_list":["post-84254","post","type-post","status-publish","format-standard","has-post-thumbnail","hentry","category-home-va","category-participacio-ciutadana-va"],"_links":{"self":[{"href":"https:\/\/www.elche.es\/va\/wp-json\/wp\/v2\/posts\/84254","targetHints":{"allow":["GET"]}}],"collection":[{"href":"https:\/\/www.elche.es\/va\/wp-json\/wp\/v2\/posts"}],"about":[{"href":"https:\/\/www.elche.es\/va\/wp-json\/wp\/v2\/types\/post"}],"author":[{"embeddable":true,"href":"https:\/\/www.elche.es\/va\/wp-json\/wp\/v2\/users\/15"}],"replies":[{"embeddable":true,"href":"https:\/\/www.elche.es\/va\/wp-json\/wp\/v2\/comments?post=84254"}],"version-history":[{"count":0,"href":"https:\/\/www.elche.es\/va\/wp-json\/wp\/v2\/posts\/84254\/revisions"}],"wp:featuredmedia":[{"embeddable":true,"href":"https:\/\/www.elche.es\/va\/wp-json\/wp\/v2\/media\/84247"}],"wp:attachment":[{"href":"https:\/\/www.elche.es\/va\/wp-json\/wp\/v2\/media?parent=84254"}],"wp:term":[{"taxonomy":"category","embeddable":true,"href":"https:\/\/www.elche.es\/va\/wp-json\/wp\/v2\/categories?post=84254"},{"taxonomy":"post_tag","embeddable":true,"href":"https:\/\/www.elche.es\/va\/wp-json\/wp\/v2\/tags?post=84254"}],"curies":[{"name":"wp","href":"https:\/\/api.w.org\/{rel}","templated":true}]}}