{"id":84591,"date":"2019-03-11T09:47:22","date_gmt":"2019-03-11T08:47:22","guid":{"rendered":"http:\/\/www.elche.es\/va\/?p=84591"},"modified":"2019-03-11T09:47:22","modified_gmt":"2019-03-11T08:47:22","slug":"milers-de-persones-secunden-la-manifestacio-del-dia-internacional-de-la-dona-a-elx","status":"publish","type":"post","link":"https:\/\/www.elche.es\/va\/2019\/03\/milers-de-persones-secunden-la-manifestacio-del-dia-internacional-de-la-dona-a-elx\/","title":{"rendered":"Milers de persones secunden la manifestaci\u00f3 del Dia Internacional de la Dona a Elx"},"content":{"rendered":"<p>&nbsp;<\/p>\n<blockquote><p>La majoria de l&#8217;Equip de Govern Municipal participa en la protesta, des de la pla\u00e7a de l&#8217;Aparadora fins a la pla\u00e7a de Baix.<strong><br \/>\n<\/strong><\/p><\/blockquote>\n<p>Milers de persones han secundat la manifestaci\u00f3 del Dia Internacional de la Dona a Elx. Uns 25.000 assistents, segons \u2018Elx pel dret a decidir\u2019, el col\u00b7lectiu feminista organitzador d&#8217;aquesta, s&#8217;han sumat a la marxa, que ha arribat a la pla\u00e7a de Baix a les 21 hores despr\u00e9s de la convocat\u00f2ria de les 19 hores al jard\u00ed Lucrecia P\u00e9rez\/pla\u00e7a de l&#8217;Aparadora, en el barri de Carr\u00fas.<\/p>\n<p>La major part de l&#8217;Equip de Govern Municipal ha volgut estar present per a mostrar el seu suport a la lluita per la igualtat de g\u00e8nere, encara que s&#8217;ha mantingut en segon pla per a no restar protagonisme a la figura que aquest 8 de mar\u00e7 s&#8217;homenatja a la dona treballadora, independentment de la labor que efectue.<\/p>\n<p>L&#8217;alcalde, Carlos Gonz\u00e1lez, ha qualificat la mobilitzaci\u00f3 \u201cde gran import\u00e0ncia per a la igualtat efectiva entre homes i dones\u201d, i ha lloat l&#8217;actitud de la ciutadania per la seua massiva participaci\u00f3 durant tot el dia en els actes que s&#8217;han realitzat.<\/p>\n<p>Gonz\u00e1lez ha explicat que, malgrat els avan\u00e7os experimentats, les dones continuen patint una profunda discriminaci\u00f3: \u201cla bretxa salarial, la viol\u00e8ncia de g\u00e8nere, el sostre de\u00a0vidre que els impedeix accedir a llocs de responsabilitat\u201d.<\/p>\n<p>L&#8217;alcalde ha insistit: \u201c\u00c9s absolutament necessari que exigim acabar amb les profundes mostres de desigualtat\u201d. Per aix\u00f2, ha expressat, \u201cel 8M continua tenint sentit\u201d, i s&#8217;ha congratulat per la nombrosa participaci\u00f3 de joves.<\/p>\n<p>Cristina Navarro, portaveu de \u2018Elx pel dret a decidir\u2019, ha assegurat que la manifestaci\u00f3 ha sigut m\u00e9s multitudin\u00e0ria que la de 2018. El recorregut, abrigallat per associacions, partits i sindicats, ha transcorregut sense incidents en una jornada hist\u00f2rica a la vegada que festiva, per\u00f2 amb una forta c\u00e0rrega reivindicativa.<\/p>\n","protected":false},"excerpt":{"rendered":"<p>&nbsp; La majoria de l&#8217;Equip de Govern Municipal participa en la protesta, des de la pla\u00e7a de l&#8217;Aparadora fins a la pla\u00e7a de Baix. Milers de persones han secundat la [&hellip;]<\/p>\n","protected":false},"author":15,"featured_media":84570,"comment_status":"closed","ping_status":"closed","sticky":false,"template":"","format":"standard","meta":{"footnotes":""},"categories":[161,190,209,391],"tags":[],"class_list":["post-84591","post","type-post","status-publish","format-standard","has-post-thumbnail","hentry","category-ajuntament","category-drets-socials","category-igualtat-va","category-home-va"],"_links":{"self":[{"href":"https:\/\/www.elche.es\/va\/wp-json\/wp\/v2\/posts\/84591","targetHints":{"allow":["GET"]}}],"collection":[{"href":"https:\/\/www.elche.es\/va\/wp-json\/wp\/v2\/posts"}],"about":[{"href":"https:\/\/www.elche.es\/va\/wp-json\/wp\/v2\/types\/post"}],"author":[{"embeddable":true,"href":"https:\/\/www.elche.es\/va\/wp-json\/wp\/v2\/users\/15"}],"replies":[{"embeddable":true,"href":"https:\/\/www.elche.es\/va\/wp-json\/wp\/v2\/comments?post=84591"}],"version-history":[{"count":0,"href":"https:\/\/www.elche.es\/va\/wp-json\/wp\/v2\/posts\/84591\/revisions"}],"wp:featuredmedia":[{"embeddable":true,"href":"https:\/\/www.elche.es\/va\/wp-json\/wp\/v2\/media\/84570"}],"wp:attachment":[{"href":"https:\/\/www.elche.es\/va\/wp-json\/wp\/v2\/media?parent=84591"}],"wp:term":[{"taxonomy":"category","embeddable":true,"href":"https:\/\/www.elche.es\/va\/wp-json\/wp\/v2\/categories?post=84591"},{"taxonomy":"post_tag","embeddable":true,"href":"https:\/\/www.elche.es\/va\/wp-json\/wp\/v2\/tags?post=84591"}],"curies":[{"name":"wp","href":"https:\/\/api.w.org\/{rel}","templated":true}]}}