{"id":84772,"date":"2019-03-12T08:58:21","date_gmt":"2019-03-12T07:58:21","guid":{"rendered":"http:\/\/www.elche.es\/va\/?p=84772"},"modified":"2019-03-12T08:58:21","modified_gmt":"2019-03-12T07:58:21","slug":"minut-de-silenci-en-record-de-les-victimes-de-l11-de-marc","status":"publish","type":"post","link":"https:\/\/www.elche.es\/va\/2019\/03\/minut-de-silenci-en-record-de-les-victimes-de-l11-de-marc\/","title":{"rendered":"Minut de silenci en record de les v\u00edctimes de l&#8217;11 de mar\u00e7"},"content":{"rendered":"<p>&nbsp;<\/p>\n<blockquote><p>7.364 entitats van ser convocades per la Federaci\u00f3 Espanyola de Municipis i Prov\u00edncies (FEMP) perqu\u00e8 s&#8217;uniren a commemorar tan fat\u00eddica efem\u00e8ride<\/p>\n<p>&nbsp;<\/p><\/blockquote>\n<p>La il\u00b7licitana pla\u00e7a de Baix ha albergat el minut de silenci en mem\u00f2ria de les 193 v\u00edctimes mortals, i 2.057 ferits, que van provocar els atemptats l&#8217;11 de mar\u00e7 de 2004 a Madrid. Una c\u00e8l\u00b7lula jihadista va atemptar, amb explosius, contra quatre trens de Rodalia a primera hora del mat\u00ed, i es va convertir, fins al moment, en el major atemptat en la hist\u00f2ria d&#8217;Espanya.<\/p>\n<p>Membres de l&#8217;Equip de Govern i de la Corporaci\u00f3 Municipal, acompanyats per la ciutadania, han volgut secundar la convocat\u00f2ria proposada per la Federaci\u00f3 Espanyola de Municipis i Prov\u00edncia (FEMP), organitzaci\u00f3 que aglutina 7.364 administracions de tipus local i provincial.<\/p>\n<p>\u201c15 anys despr\u00e9s\u201d, ha expressat l&#8217;alcalde Carlos Gonz\u00e1lez, \u201cels il\u00b7licitans i les il\u00b7licitanes recordem les v\u00edctimes \u2014i els seus familiars\u2014 de l&#8217;11 de mar\u00e7 de 2004\u201d, en qu\u00e8 ha qualificat com una de les dates \u201cm\u00e9s dram\u00e0tiques\u201d per a la societat espanyola. A m\u00e9s del rebuig davant \u201cqualsevol manifestaci\u00f3 de viol\u00e8ncia\u201d, Gonz\u00e1lez ha ressaltat la import\u00e0ncia de les forces de l&#8217;ordre, fiscals i jutges en la lluita contra la desra\u00f3: \u201cNom\u00e9s des de la fortalesa de la democr\u00e0cia, i des de l&#8217;Estat de Dret, es pot derrotar el terrorisme\u201d.<\/p>\n","protected":false},"excerpt":{"rendered":"<p>&nbsp; 7.364 entitats van ser convocades per la Federaci\u00f3 Espanyola de Municipis i Prov\u00edncies (FEMP) perqu\u00e8 s&#8217;uniren a commemorar tan fat\u00eddica efem\u00e8ride &nbsp; La il\u00b7licitana pla\u00e7a de Baix ha albergat [&hellip;]<\/p>\n","protected":false},"author":15,"featured_media":84762,"comment_status":"closed","ping_status":"closed","sticky":false,"template":"","format":"standard","meta":{"footnotes":""},"categories":[161,391],"tags":[],"class_list":["post-84772","post","type-post","status-publish","format-standard","has-post-thumbnail","hentry","category-ajuntament","category-home-va"],"_links":{"self":[{"href":"https:\/\/www.elche.es\/va\/wp-json\/wp\/v2\/posts\/84772","targetHints":{"allow":["GET"]}}],"collection":[{"href":"https:\/\/www.elche.es\/va\/wp-json\/wp\/v2\/posts"}],"about":[{"href":"https:\/\/www.elche.es\/va\/wp-json\/wp\/v2\/types\/post"}],"author":[{"embeddable":true,"href":"https:\/\/www.elche.es\/va\/wp-json\/wp\/v2\/users\/15"}],"replies":[{"embeddable":true,"href":"https:\/\/www.elche.es\/va\/wp-json\/wp\/v2\/comments?post=84772"}],"version-history":[{"count":0,"href":"https:\/\/www.elche.es\/va\/wp-json\/wp\/v2\/posts\/84772\/revisions"}],"wp:featuredmedia":[{"embeddable":true,"href":"https:\/\/www.elche.es\/va\/wp-json\/wp\/v2\/media\/84762"}],"wp:attachment":[{"href":"https:\/\/www.elche.es\/va\/wp-json\/wp\/v2\/media?parent=84772"}],"wp:term":[{"taxonomy":"category","embeddable":true,"href":"https:\/\/www.elche.es\/va\/wp-json\/wp\/v2\/categories?post=84772"},{"taxonomy":"post_tag","embeddable":true,"href":"https:\/\/www.elche.es\/va\/wp-json\/wp\/v2\/tags?post=84772"}],"curies":[{"name":"wp","href":"https:\/\/api.w.org\/{rel}","templated":true}]}}