{"id":85330,"date":"2019-03-15T15:13:16","date_gmt":"2019-03-15T14:13:16","guid":{"rendered":"http:\/\/www.elche.es\/va\/?p=85330"},"modified":"2019-03-15T15:13:16","modified_gmt":"2019-03-15T14:13:16","slug":"lequip-de-govern-garanteix-lestabilitat-pressupostaria-de-lajuntament-fins-a-2022","status":"publish","type":"post","link":"https:\/\/www.elche.es\/va\/2019\/03\/lequip-de-govern-garanteix-lestabilitat-pressupostaria-de-lajuntament-fins-a-2022\/","title":{"rendered":"L&#8217;Equip de Govern garanteix l&#8217;estabilitat pressupost\u00e0ria de l&#8217;Ajuntament fins a 2022"},"content":{"rendered":"<blockquote><p>La regidora d&#8217;Hisenda, Ana Arabid, explica que \u201ca 31 de desembre de 2018 dev\u00edem als bancs 34,2 milions d&#8217;euros i per a 2022 la previsi\u00f3 \u00e9s que deguem als bancs 21 milions d&#8217;euros\u201d<\/p>\n<p>&nbsp;<\/p><\/blockquote>\n<p>La regidora d&#8217;Hisenda, Ana Arabid, ha explicat que la Junta de Govern ha aprovat aquest divendres, dia 15 de mar\u00e7, el Pla Pressupostari a mitj\u00e0 termini 2020-2022.<\/p>\n<p>\u201c\u00c9s un tr\u00e0mit establit per la Llei d&#8217;Estabilitat Pressupost\u00e0ria i que serveix de guia o de programaci\u00f3 per als pressupostos dels pr\u00f2xims tres anys\u201d, ha explicat Arabid, qui ha afegit que \u201cen aquest \u00e0mbit cal destacar que de la projecci\u00f3 d&#8217;ingressos recollida en el pla i projecci\u00f3 de despeses es garanteix l&#8217;estabilitat pressupost\u00e0ria i el compliment del sostre de despesa establida legalment\u201d.<\/p>\n<p>La regidora ha dit que d&#8217;aquest pla es despr\u00e9n tamb\u00e9 que l&#8217;Ajuntament d&#8217;Elx compleix \u00e0mpliament amb el l\u00edmit de deute. \u201cA 31 de desembre de 2018 dev\u00edem als bancs 34,2 milions d&#8217;euros (un 19% dels nostres ingressos corrents) i per a 2022 la previsi\u00f3 \u00e9s que deguem als bancs 21 milions d&#8217;euros (un 12% dels ingressos corrents). I aix\u00f2 sense tindre en compte les possibles amortitzacions anticipades en compliment de la legislaci\u00f3 actual vigent\u201d.<\/p>\n<p>Arabid ha dit que \u201cper a l&#8217;any 2020 vencen diversos pr\u00e9stecs que tenim concertats de manera que es reduir\u00e0 considerablement l&#8217;import que destinem cada any a amortitzar aqueists pr\u00e9stecs. Concretament, es reduir\u00e0 en 10 milions d&#8217;euros, ja que en 2010 l&#8217;import de les quotes dels pr\u00e9stecs estava en 15 milions d&#8217;euros i per al 2012 es reduir\u00e0 a 5 milions. D&#8217;aquesta manera tindrem un marge pressupostari de 10 milions d&#8217;euros m\u00e9s\u201d.<\/p>\n<p>\u201cEn definitiva, les previsions econ\u00f2miques per als pr\u00f2xims tres anys ens permetran afrontar amb garantia d&#8217;estabilitat econ\u00f2mica tant les necessitats i la millora dels serveis com les inversions que necessita la ciutat. Tot aix\u00f2 fruit de les pol\u00edtiques responsables d&#8217;aquest Equip de Govern\u201d, ha concl\u00f2s la responsable d&#8217;Hisenda.<\/p>\n","protected":false},"excerpt":{"rendered":"<p>La regidora d&#8217;Hisenda, Ana Arabid, explica que \u201ca 31 de desembre de 2018 dev\u00edem als bancs 34,2 milions d&#8217;euros i per a 2022 la previsi\u00f3 \u00e9s que deguem als bancs [&hellip;]<\/p>\n","protected":false},"author":15,"featured_media":60965,"comment_status":"closed","ping_status":"closed","sticky":false,"template":"","format":"standard","meta":{"footnotes":""},"categories":[161,488,391],"tags":[],"class_list":["post-85330","post","type-post","status-publish","format-standard","has-post-thumbnail","hentry","category-ajuntament","category-hisenda","category-home-va"],"_links":{"self":[{"href":"https:\/\/www.elche.es\/va\/wp-json\/wp\/v2\/posts\/85330","targetHints":{"allow":["GET"]}}],"collection":[{"href":"https:\/\/www.elche.es\/va\/wp-json\/wp\/v2\/posts"}],"about":[{"href":"https:\/\/www.elche.es\/va\/wp-json\/wp\/v2\/types\/post"}],"author":[{"embeddable":true,"href":"https:\/\/www.elche.es\/va\/wp-json\/wp\/v2\/users\/15"}],"replies":[{"embeddable":true,"href":"https:\/\/www.elche.es\/va\/wp-json\/wp\/v2\/comments?post=85330"}],"version-history":[{"count":0,"href":"https:\/\/www.elche.es\/va\/wp-json\/wp\/v2\/posts\/85330\/revisions"}],"wp:featuredmedia":[{"embeddable":true,"href":"https:\/\/www.elche.es\/va\/wp-json\/wp\/v2\/media\/60965"}],"wp:attachment":[{"href":"https:\/\/www.elche.es\/va\/wp-json\/wp\/v2\/media?parent=85330"}],"wp:term":[{"taxonomy":"category","embeddable":true,"href":"https:\/\/www.elche.es\/va\/wp-json\/wp\/v2\/categories?post=85330"},{"taxonomy":"post_tag","embeddable":true,"href":"https:\/\/www.elche.es\/va\/wp-json\/wp\/v2\/tags?post=85330"}],"curies":[{"name":"wp","href":"https:\/\/api.w.org\/{rel}","templated":true}]}}