{"id":86682,"date":"2019-03-28T14:29:48","date_gmt":"2019-03-28T13:29:48","guid":{"rendered":"http:\/\/www.elche.es\/va\/?p=86682"},"modified":"2019-03-28T14:29:48","modified_gmt":"2019-03-28T13:29:48","slug":"el-campionat-despanya-de-boccia-de-joves-2019-se-celebra-el-30-i-31-de-marc-en-el-palau-dels-esports-miguel-hernandez","status":"publish","type":"post","link":"https:\/\/www.elche.es\/va\/2019\/03\/el-campionat-despanya-de-boccia-de-joves-2019-se-celebra-el-30-i-31-de-marc-en-el-palau-dels-esports-miguel-hernandez\/","title":{"rendered":"El Campionat d&#8217;Espanya de &#8220;Boccia&#8221; de Joves 2019 se celebra el 30 i 31 de mar\u00e7 en el Palau dels Esports Miguel Hern\u00e1ndez"},"content":{"rendered":"<p>El regidor d&#8217;Esports, Jes\u00fas Pareja, juntament amb el director t\u00e8cnic de la Federaci\u00f3 Espanyola d&#8217;Esports de Persones amb Par\u00e0lisi Cerebral i Dany Cerebral Adquirit, Antonio Ranchal, i amb el director t\u00e8cnic de la Federaci\u00f3 d&#8217;Esports Adaptats de la Comunitat Valenciana, Gabriel Melis, han presentat el \u201cCampionat d&#8217;Espanya de <em>Boccia<\/em> de Joves 2019\u201d que tindr\u00e0 lloc els dies 30 i 31 de mar\u00e7 al Palau dels Esports Miguel Hern\u00e1ndez.<\/p>\n<p>\u00c9s un esport paral\u00edmpic que combina t\u00e0ctica i habilitat en el terreny de joc. Segons paraules dels organitzadors, es tracta de la m\u00e0xima competici\u00f3 nacional en edat juvenil de <em>Boccia,<\/em> que per segon any consecutiu es realitza a la Comunitat Valenciana, en la qual participaran 37 esportistes, 35 t\u00e8cnics\/ques, 23 \u00e0rbitres,\u00a04 classificadors\/es, 25 voluntaris\/\u00e0ries i 10 de\u00a0<em>staff<\/em> en l&#8217;organitzaci\u00f3.<\/p>\n<p>La inscripci\u00f3 es pot realitzar a trav\u00e9s de les federacions auton\u00f2miques i dels clubs amb un preu de 15 euros per esportista.<\/p>\n<p>A m\u00e9s, en el marc d&#8217;aquesta competici\u00f3, es realitzar\u00e0 un curs de formaci\u00f3 de <em>Boccia<\/em> dirigit a estudiants de grau en Ci\u00e8ncies de l&#8217;Esport, Magisteri d&#8217;Educaci\u00f3 i Educaci\u00f3 Especial, Ter\u00e0pia Ocupacional, i Fisioter\u00e0pia que estar\u00e0 certificat per la Federaci\u00f3 Espanyola d&#8217;Esports per a Persones amb Par\u00e0lisi Cerebral (FEDPC)<\/p>\n<p>&nbsp;<\/p>\n","protected":false},"excerpt":{"rendered":"<p>El regidor d&#8217;Esports, Jes\u00fas Pareja, juntament amb el director t\u00e8cnic de la Federaci\u00f3 Espanyola d&#8217;Esports de Persones amb Par\u00e0lisi Cerebral i Dany Cerebral Adquirit, Antonio Ranchal, i amb el director [&hellip;]<\/p>\n","protected":false},"author":15,"featured_media":86673,"comment_status":"closed","ping_status":"closed","sticky":false,"template":"","format":"standard","meta":{"footnotes":""},"categories":[187],"tags":[],"class_list":["post-86682","post","type-post","status-publish","format-standard","has-post-thumbnail","hentry","category-esports"],"_links":{"self":[{"href":"https:\/\/www.elche.es\/va\/wp-json\/wp\/v2\/posts\/86682","targetHints":{"allow":["GET"]}}],"collection":[{"href":"https:\/\/www.elche.es\/va\/wp-json\/wp\/v2\/posts"}],"about":[{"href":"https:\/\/www.elche.es\/va\/wp-json\/wp\/v2\/types\/post"}],"author":[{"embeddable":true,"href":"https:\/\/www.elche.es\/va\/wp-json\/wp\/v2\/users\/15"}],"replies":[{"embeddable":true,"href":"https:\/\/www.elche.es\/va\/wp-json\/wp\/v2\/comments?post=86682"}],"version-history":[{"count":0,"href":"https:\/\/www.elche.es\/va\/wp-json\/wp\/v2\/posts\/86682\/revisions"}],"wp:featuredmedia":[{"embeddable":true,"href":"https:\/\/www.elche.es\/va\/wp-json\/wp\/v2\/media\/86673"}],"wp:attachment":[{"href":"https:\/\/www.elche.es\/va\/wp-json\/wp\/v2\/media?parent=86682"}],"wp:term":[{"taxonomy":"category","embeddable":true,"href":"https:\/\/www.elche.es\/va\/wp-json\/wp\/v2\/categories?post=86682"},{"taxonomy":"post_tag","embeddable":true,"href":"https:\/\/www.elche.es\/va\/wp-json\/wp\/v2\/tags?post=86682"}],"curies":[{"name":"wp","href":"https:\/\/api.w.org\/{rel}","templated":true}]}}