{"id":86841,"date":"2019-03-29T13:50:51","date_gmt":"2019-03-29T12:50:51","guid":{"rendered":"http:\/\/www.elche.es\/va\/?p=86841"},"modified":"2019-03-29T13:50:51","modified_gmt":"2019-03-29T12:50:51","slug":"lajuntament-aconsegueix-que-els-veins-de-ledifici-1-de-sant-antoni-no-hagen-de-pagar-lirpf-per-les-ajudes-rebudes-en-la-compra-dels-seus-habitatges","status":"publish","type":"post","link":"https:\/\/www.elche.es\/va\/2019\/03\/lajuntament-aconsegueix-que-els-veins-de-ledifici-1-de-sant-antoni-no-hagen-de-pagar-lirpf-per-les-ajudes-rebudes-en-la-compra-dels-seus-habitatges\/","title":{"rendered":"L&#8217;Ajuntament aconsegueix que els ve\u00efns de l&#8217;edifici 1 de Sant Antoni no hagen de pagar l&#8217;IRPF per les ajudes rebudes en la compra dels seus habitatges"},"content":{"rendered":"<blockquote><p>L&#8217;anterior govern de la Generalitat Valenciana va cometre l&#8217;error de posar com a beneficiaris als adjudicataris<\/p>\n<p>La Junta de Govern modifica els acords d&#8217;adjudicaci\u00f3 perqu\u00e8 els beneficiaris de les ajudes siguen l&#8217;Ajuntament i\u00a0<span class=\"hiddenSpellError\">Pimesa<\/span>\u00a0alliberant aix\u00ed als ve\u00efns del\u00a0<span class=\"hiddenGrammarError\">pagament<\/span><\/p>\n<p>La setmana vinent,\u00a0<span class=\"hiddenSpellError\">Pimesa<\/span>\u00a0comen\u00e7ar\u00e0 a gestionar el tr\u00e0mit de les devolucions dels diners als ve\u00efns.<\/p><\/blockquote>\n<p><strong>\u00a0<\/strong><\/p>\n<p>La portaveu de la Junta de Govern Local,\u00a0Patr\u00edcia\u00a0Maci\u00e0, ha explicat que s&#8217;han modificat els acords de la Junta de Govern relatius a l&#8217;adjudicaci\u00f3 d&#8217;habitatges de l&#8217;edifici 1 de\u00a0l&#8217;ARRU\u00a0de Sant\u00a0Antoni. L&#8217;objectiu \u00e9s que els ve\u00efns no hagen de pagar l&#8217;IRPF corresponent a les ajudes rebudes per la compra dels seus habitatges.<\/p>\n<p>&#8220;En els \u00faltims mesos, l&#8217;alcalde ha mantingut diverses reunions amb representants del Ministeri d&#8217;Economia i de la Conselleria d&#8217;Hisenda amb la finalitat de buscar una soluci\u00f3 a aquest problema perqu\u00e8 ja hem trobat una soluci\u00f3&#8221;, ha indicat\u00a0Maci\u00e0\u00a0qui ha afegit que &#8220;el que hem aprovat \u00e9s un acord de modificaci\u00f3 de les condicions d&#8217;adjudicaci\u00f3 de<span class=\"hiddenGrammarError\">ls 74 habitatges<\/span>\u00a0de Sant\u00a0Antoni\u00a0per a recon\u00e9ixer la condici\u00f3 de beneficiari a l&#8217;Ajuntament i a\u00a0<span class=\"hiddenSpellError\">Pimesa<\/span>\u00a0de les subvencions, i no dels ve\u00efns amb la finalitat de resoldre el problema tributari que s&#8217;ha generat indegudament per part de l&#8217;anterior govern de la Generalitat Valenciana. Van ser ells els qui ens van portar al fet que la condici\u00f3 de beneficiari s&#8217;atribu\u00efra als ve\u00efns&#8221;.<\/p>\n<p>&nbsp;<\/p>\n","protected":false},"excerpt":{"rendered":"<p>L&#8217;anterior govern de la Generalitat Valenciana va cometre l&#8217;error de posar com a beneficiaris als adjudicataris La Junta de Govern modifica els acords d&#8217;adjudicaci\u00f3 perqu\u00e8 els beneficiaris de les ajudes [&hellip;]<\/p>\n","protected":false},"author":15,"featured_media":86826,"comment_status":"closed","ping_status":"closed","sticky":false,"template":"","format":"standard","meta":{"footnotes":""},"categories":[161,488,391,210],"tags":[],"class_list":["post-86841","post","type-post","status-publish","format-standard","has-post-thumbnail","hentry","category-ajuntament","category-hisenda","category-home-va","category-urbanisme-va"],"_links":{"self":[{"href":"https:\/\/www.elche.es\/va\/wp-json\/wp\/v2\/posts\/86841","targetHints":{"allow":["GET"]}}],"collection":[{"href":"https:\/\/www.elche.es\/va\/wp-json\/wp\/v2\/posts"}],"about":[{"href":"https:\/\/www.elche.es\/va\/wp-json\/wp\/v2\/types\/post"}],"author":[{"embeddable":true,"href":"https:\/\/www.elche.es\/va\/wp-json\/wp\/v2\/users\/15"}],"replies":[{"embeddable":true,"href":"https:\/\/www.elche.es\/va\/wp-json\/wp\/v2\/comments?post=86841"}],"version-history":[{"count":0,"href":"https:\/\/www.elche.es\/va\/wp-json\/wp\/v2\/posts\/86841\/revisions"}],"wp:featuredmedia":[{"embeddable":true,"href":"https:\/\/www.elche.es\/va\/wp-json\/wp\/v2\/media\/86826"}],"wp:attachment":[{"href":"https:\/\/www.elche.es\/va\/wp-json\/wp\/v2\/media?parent=86841"}],"wp:term":[{"taxonomy":"category","embeddable":true,"href":"https:\/\/www.elche.es\/va\/wp-json\/wp\/v2\/categories?post=86841"},{"taxonomy":"post_tag","embeddable":true,"href":"https:\/\/www.elche.es\/va\/wp-json\/wp\/v2\/tags?post=86841"}],"curies":[{"name":"wp","href":"https:\/\/api.w.org\/{rel}","templated":true}]}}