{"id":86854,"date":"2019-03-29T14:05:13","date_gmt":"2019-03-29T13:05:13","guid":{"rendered":"http:\/\/www.elche.es\/va\/?p=86854"},"modified":"2019-03-29T14:05:13","modified_gmt":"2019-03-29T13:05:13","slug":"ruta-lila-zona-carrus-est","status":"publish","type":"post","link":"https:\/\/www.elche.es\/va\/2019\/03\/ruta-lila-zona-carrus-est\/","title":{"rendered":"Ruta Lila zona Carr\u00fas-Est"},"content":{"rendered":"<p>El Jard\u00ed de Pilar Mir\u00f3, l&#8217;IES Montserrat Roig i i els carrers Mare Teresa de Calcuta,\u00a0<span class=\"hiddenSpellError\">Vict\u00f2ria<\/span>\u00a0Kent i Clara Campoamor, han sigut visitades en el mat\u00ed del dijous dia 27 de mar\u00e7, per m\u00e9s d&#8217;un centenar de persones, adultes i escolars que s&#8217;han inscrit en la segona de les Rutes Lila, organitzades per la Regidoria d&#8217;Igualtat.<\/p>\n<p>Aquestes Rutes Lila s&#8217;estan realitzant amb l&#8217;objectiu de visibilitzar i\u00a0<span class=\"hiddenGreenError\">posar en valor<\/span>\u00a0els noms de les dones de la llista de carrers de la ciutat, en aquest cas de la zona de\u00a0<span class=\"hiddenSpellError\">Carr\u00fas<\/span>\u00a0Est.<\/p>\n<p>L&#8217;alumnat dels centres educatius Joanot Martorell i Montserrat Roig van tindre una participaci\u00f3 especial, llegint les biografies de les dones i frases treballades a classe.<\/p>\n","protected":false},"excerpt":{"rendered":"<p>El Jard\u00ed de Pilar Mir\u00f3, l&#8217;IES Montserrat Roig i i els carrers Mare Teresa de Calcuta,\u00a0Vict\u00f2ria\u00a0Kent i Clara Campoamor, han sigut visitades en el mat\u00ed del dijous dia 27 de [&hellip;]<\/p>\n","protected":false},"author":15,"featured_media":86815,"comment_status":"closed","ping_status":"closed","sticky":false,"template":"","format":"standard","meta":{"footnotes":""},"categories":[209],"tags":[],"class_list":["post-86854","post","type-post","status-publish","format-standard","has-post-thumbnail","hentry","category-igualtat-va"],"_links":{"self":[{"href":"https:\/\/www.elche.es\/va\/wp-json\/wp\/v2\/posts\/86854","targetHints":{"allow":["GET"]}}],"collection":[{"href":"https:\/\/www.elche.es\/va\/wp-json\/wp\/v2\/posts"}],"about":[{"href":"https:\/\/www.elche.es\/va\/wp-json\/wp\/v2\/types\/post"}],"author":[{"embeddable":true,"href":"https:\/\/www.elche.es\/va\/wp-json\/wp\/v2\/users\/15"}],"replies":[{"embeddable":true,"href":"https:\/\/www.elche.es\/va\/wp-json\/wp\/v2\/comments?post=86854"}],"version-history":[{"count":0,"href":"https:\/\/www.elche.es\/va\/wp-json\/wp\/v2\/posts\/86854\/revisions"}],"wp:featuredmedia":[{"embeddable":true,"href":"https:\/\/www.elche.es\/va\/wp-json\/wp\/v2\/media\/86815"}],"wp:attachment":[{"href":"https:\/\/www.elche.es\/va\/wp-json\/wp\/v2\/media?parent=86854"}],"wp:term":[{"taxonomy":"category","embeddable":true,"href":"https:\/\/www.elche.es\/va\/wp-json\/wp\/v2\/categories?post=86854"},{"taxonomy":"post_tag","embeddable":true,"href":"https:\/\/www.elche.es\/va\/wp-json\/wp\/v2\/tags?post=86854"}],"curies":[{"name":"wp","href":"https:\/\/api.w.org\/{rel}","templated":true}]}}