{"id":86872,"date":"2019-03-29T14:22:14","date_gmt":"2019-03-29T13:22:14","guid":{"rendered":"http:\/\/www.elche.es\/va\/2019\/03\/aprobadas-las-bases-convocatoria-subvenciones-igualdad-anualidad-2019\/"},"modified":"2019-03-29T14:32:03","modified_gmt":"2019-03-29T13:32:03","slug":"aprobadas-las-bases-convocatoria-subvenciones-igualdad-anualidad-2019","status":"publish","type":"post","link":"https:\/\/www.elche.es\/va\/2019\/03\/aprobadas-las-bases-convocatoria-subvenciones-igualdad-anualidad-2019\/","title":{"rendered":"Aprovades les bases convocat\u00f2ria subvencions Igualtat, anualitat 2019"},"content":{"rendered":"<p class=\"western\" align=\"justify\">La convocat\u00f2ria t\u00e9 per objecte establir les bases que regiran la concessi\u00f3 de subvencions per part de l&#8217;Ajuntament d&#8217;Elx, mitjan\u00e7ant el r\u00e8gim de concurr\u00e8ncia competitiva, a associacions de dones i entitats d&#8217;inter\u00e9s social i sense \u00e0nim de lucre, per a la realitzaci\u00f3 de programes per a l&#8217;enfortiment i consolidaci\u00f3 del moviment associatiu de dones i promoci\u00f3 de la Igualtat d&#8217;oportunitats entre dones i homes en el municipi d&#8217;Elx. El termini de sol\u00b7licitud ser\u00e0 fins al dia 25 d&#8217;abril 2019.<\/p>\n<p class=\"western\" align=\"justify\"><a href=\"https:\/\/www.elche.es\/wp-content\/uploads\/2019\/03\/BASES-SUBVENCIONES-IGUALDAD-Definitivas.pdf\" target=\"_blank\">\u00a0Bases<\/a><\/p>\n<p class=\"western\" align=\"justify\"><a href=\"https:\/\/www.elche.es\/wp-content\/uploads\/2019\/03\/Solicitud-y-Anexos-Subvenciones-Igualdad.pdf\" target=\"_blank\">Sol\u00b7licitud i Annexos<\/a><\/p>\n","protected":false},"excerpt":{"rendered":"<p>La convocat\u00f2ria t\u00e9 per objecte establir les bases que regiran la concessi\u00f3 de subvencions per part de l&#8217;Ajuntament d&#8217;Elx, mitjan\u00e7ant el r\u00e8gim de concurr\u00e8ncia competitiva, a associacions de dones i [&hellip;]<\/p>\n","protected":false},"author":131,"featured_media":86870,"comment_status":"closed","ping_status":"closed","sticky":false,"template":"","format":"standard","meta":{"footnotes":""},"categories":[209],"tags":[],"class_list":["post-86872","post","type-post","status-publish","format-standard","has-post-thumbnail","hentry","category-igualtat-va"],"_links":{"self":[{"href":"https:\/\/www.elche.es\/va\/wp-json\/wp\/v2\/posts\/86872","targetHints":{"allow":["GET"]}}],"collection":[{"href":"https:\/\/www.elche.es\/va\/wp-json\/wp\/v2\/posts"}],"about":[{"href":"https:\/\/www.elche.es\/va\/wp-json\/wp\/v2\/types\/post"}],"author":[{"embeddable":true,"href":"https:\/\/www.elche.es\/va\/wp-json\/wp\/v2\/users\/131"}],"replies":[{"embeddable":true,"href":"https:\/\/www.elche.es\/va\/wp-json\/wp\/v2\/comments?post=86872"}],"version-history":[{"count":0,"href":"https:\/\/www.elche.es\/va\/wp-json\/wp\/v2\/posts\/86872\/revisions"}],"wp:featuredmedia":[{"embeddable":true,"href":"https:\/\/www.elche.es\/va\/wp-json\/wp\/v2\/media\/86870"}],"wp:attachment":[{"href":"https:\/\/www.elche.es\/va\/wp-json\/wp\/v2\/media?parent=86872"}],"wp:term":[{"taxonomy":"category","embeddable":true,"href":"https:\/\/www.elche.es\/va\/wp-json\/wp\/v2\/categories?post=86872"},{"taxonomy":"post_tag","embeddable":true,"href":"https:\/\/www.elche.es\/va\/wp-json\/wp\/v2\/tags?post=86872"}],"curies":[{"name":"wp","href":"https:\/\/api.w.org\/{rel}","templated":true}]}}