{"id":8833,"date":"2016-11-22T13:36:25","date_gmt":"2016-11-22T13:36:25","guid":{"rendered":"http:\/\/www.elche.es\/va\/?p=8833"},"modified":"2016-11-24T11:24:21","modified_gmt":"2016-11-24T11:24:21","slug":"lajuntament-converteix-les-dependencies-municipals-en-espais-segurs-i-lliures-de-violencia-de-genere","status":"publish","type":"post","link":"https:\/\/www.elche.es\/va\/2016\/11\/lajuntament-converteix-les-dependencies-municipals-en-espais-segurs-i-lliures-de-violencia-de-genere\/","title":{"rendered":"L&#8217;Ajuntament converteix les depend\u00e8ncies municipals en \u201cEspais segurs i lliures de viol\u00e8ncia de g\u00e8nere\u201d"},"content":{"rendered":"<p>&nbsp;<\/p>\n<blockquote><p>L&#8217;alcalde, Carlos Gonz\u00e1lez, acompanyat per la regidora d&#8217;Igualtat, Teresa Maci\u00e0; pel regidor de Participaci\u00f3, Felip S\u00e0nchez; i per la regidora d&#8217;Hisenda, Ana Arabid, ha presentat aquest mat\u00ed a l&#8217;OMAC de Francesc Cant\u00f3 un projecte amb la finalitat de convertir els espais municipals en ESPAIS SEGURS I LLIURES DE VIOL\u00c8NCIA DE G\u00c8NERE.<\/p><\/blockquote>\n<p>Aix\u00ed ho ha assenyalat Maci\u00e0, qui ha presentat aquesta campanya com una eina de tot l&#8217;Ajuntament, tant de la corporaci\u00f3 com de les persones treballadores que exerceixen les seues funcions en cada un dels serveis municipals (OMAC, Serveis Socials, espais culturals, esportius, Manteniment, Urbanisme, etc.), per a \u201ccombatre aquesta gran xacra social que \u00e9s la viol\u00e8ncia de g\u00e8nere, practicant toler\u00e0ncia zero amb el maltractament i els maltractadors\u201d.<\/p>\n<p>La regidora ha assenyalat que al mateix temps es pret\u00e9n\u00a0traslladar a les dones i a la ciutadania en general un missatge de confian\u00e7a en els serveis municipals, i que siguen coneguts per totes les persones els recursos especialitzats que tenen les dones a la seua disposici\u00f3, des d&#8217;on se les pot orientar i acompanyar.<\/p>\n<p>Per la seua banda, l&#8217;alcalde ha declarat que \u201cl&#8217;Ajuntament est\u00e0 implicat de manera decidida en la lluita contra la viol\u00e8ncia de g\u00e8nere i intentem desplegar una estrat\u00e8gia multidisciplin\u00e0ria per a previndre i sensibilitzar en la lluita contra la viol\u00e8ncia de g\u00e8nere\u201d.<\/p>\n<p>Per a visualitzar aquest comprom\u00eds, en cada una de les depend\u00e8ncies municipals es\u00a0 col\u00b7locar\u00e0 un distintiu informatiu i es distribuiran fullets informatius amb tots els recursos a l&#8217;abast de qualsevol persona que puga estar passant per una situaci\u00f3 de viol\u00e8ncia de g\u00e8nere.<\/p>\n<p>Aquesta iniciativa ja ha sigut posada en pr\u00e0ctica per la Conselleria de Sanitat i Salut P\u00fablica, convertint tamb\u00e9 els centres sanitaris en una pe\u00e7a clau per a combatre la viol\u00e8ncia de g\u00e8nere, declarant, tant els ambulatoris com els hospitals,\u00a0<i>Espais segurs i lliures de viol\u00e8ncia de g\u00e8nere<\/i>, i ens ha paregut una idea\u00a0 molt interessant\u00a0 que podr\u00edem dur a terme tamb\u00e9\u00a0en totes les depend\u00e8ncies municipals, pel comprom\u00eds d&#8217;aquest Ajuntament amb la sensibilitzaci\u00f3 permanent davant de la viol\u00e8ncia de g\u00e8nere.<\/p>\n<p>Complement\u00e0ria a aquesta acci\u00f3 immediata de col\u00b7locaci\u00f3 de les plaques informatives i els fullets en les depend\u00e8ncies municipals, es dur\u00e0 a terme una formaci\u00f3 en viol\u00e8ncia de g\u00e8nere a totes les persones treballadores de l&#8217;Ajuntament, principalment a aquelles que estiguen m\u00e9s vinculades a l&#8217;atenci\u00f3 a la ciutadania, ja que considerem que, amb m\u00e9s sensibilitzaci\u00f3 sobre el tema i m\u00e9s informaci\u00f3, poden contribuir de forma molt directa en\u00a0 l&#8217;objectiu prioritari per a l&#8217;Ajuntament d&#8217;Elx de treballar per la\u00a0 construcci\u00f3 d&#8217;una societat m\u00e9s igualit\u00e0ria i\u00a0 segura per a les dones.<\/p>\n","protected":false},"excerpt":{"rendered":"<p>&nbsp; L&#8217;alcalde, Carlos Gonz\u00e1lez, acompanyat per la regidora d&#8217;Igualtat, Teresa Maci\u00e0; pel regidor de Participaci\u00f3, Felip S\u00e0nchez; i per la regidora d&#8217;Hisenda, Ana Arabid, ha presentat aquest mat\u00ed a l&#8217;OMAC [&hellip;]<\/p>\n","protected":false},"author":10,"featured_media":8832,"comment_status":"closed","ping_status":"closed","sticky":false,"template":"","format":"standard","meta":{"footnotes":""},"categories":[161,190,209,391,205,208],"tags":[],"class_list":["post-8833","post","type-post","status-publish","format-standard","has-post-thumbnail","hentry","category-ajuntament","category-drets-socials","category-igualtat-va","category-home-va","category-omac-2-va","category-participacio-ciutadana-va"],"_links":{"self":[{"href":"https:\/\/www.elche.es\/va\/wp-json\/wp\/v2\/posts\/8833","targetHints":{"allow":["GET"]}}],"collection":[{"href":"https:\/\/www.elche.es\/va\/wp-json\/wp\/v2\/posts"}],"about":[{"href":"https:\/\/www.elche.es\/va\/wp-json\/wp\/v2\/types\/post"}],"author":[{"embeddable":true,"href":"https:\/\/www.elche.es\/va\/wp-json\/wp\/v2\/users\/10"}],"replies":[{"embeddable":true,"href":"https:\/\/www.elche.es\/va\/wp-json\/wp\/v2\/comments?post=8833"}],"version-history":[{"count":0,"href":"https:\/\/www.elche.es\/va\/wp-json\/wp\/v2\/posts\/8833\/revisions"}],"wp:featuredmedia":[{"embeddable":true,"href":"https:\/\/www.elche.es\/va\/wp-json\/wp\/v2\/media\/8832"}],"wp:attachment":[{"href":"https:\/\/www.elche.es\/va\/wp-json\/wp\/v2\/media?parent=8833"}],"wp:term":[{"taxonomy":"category","embeddable":true,"href":"https:\/\/www.elche.es\/va\/wp-json\/wp\/v2\/categories?post=8833"},{"taxonomy":"post_tag","embeddable":true,"href":"https:\/\/www.elche.es\/va\/wp-json\/wp\/v2\/tags?post=8833"}],"curies":[{"name":"wp","href":"https:\/\/api.w.org\/{rel}","templated":true}]}}