{"id":88657,"date":"2019-04-10T13:07:09","date_gmt":"2019-04-10T12:07:09","guid":{"rendered":"http:\/\/www.elche.es\/va\/?p=88657"},"modified":"2019-04-10T13:07:09","modified_gmt":"2019-04-10T12:07:09","slug":"el-gran-teatre-ha-acollit-loriginal-concert-cantar-ens-uneix","status":"publish","type":"post","link":"https:\/\/www.elche.es\/va\/2019\/04\/el-gran-teatre-ha-acollit-loriginal-concert-cantar-ens-uneix\/","title":{"rendered":"El Gran Teatre ha acollit l&#8217;original concert \u201cCantar ens uneix\u201d"},"content":{"rendered":"<blockquote><p>El Gran Teatre ha acollit aquest dimecres, dia 10 d&#8217;abril, l&#8217;original concert &#8220;Cantar ens uneix&#8221; en el que han participat alumnes de 15 centres de la ciutat, Santa Pola i Novelda, els qui han tingut l&#8217;oportunitat de cantar al costat de l&#8217;Escolania del Misteri<\/p>\n<p>&nbsp;<\/p><\/blockquote>\n<p>All\u00ed ha estat la regidora d&#8217;Educaci\u00f3 i Cultura, Patr\u00edcia Maci\u00e0, qui ha explicat que el concert ha sigut organitzat amb el Cefire en col\u00b7laboraci\u00f3 amb la Regidoria de Cultura i el Patronat del Misteri.<\/p>\n<p>Aquest concert \u00e9s el colof\u00f3 del curs &#8220;El cor com a element inclusiu i dinamitzador d&#8217;un centre educatiu&#8221; que ha organitzat el Cefire.<\/p>\n<p>Quasi 500 escolars dels col\u00b7legis Alc\u00fadia, El Palmerar, Ferr\u00e1ndez Cruz, Jaume I, Lope de Vega, Mariano Benlliure, Miguel Hern\u00e1ndez, Pu\u00e7ol, Salesians, Cervantes, Verge del Loreto, Jes\u00fas Navarro i S\u00e1nchez Albornoz; i els instituts Misteri i La Foia, han tingut el privilegi de cantar al costat de l&#8217;Escolania del Misteri.<\/p>\n<p>A m\u00e9s de potenciar l&#8217;educaci\u00f3 musical en els col\u00b7legis i instituts, amb aquesta iniciativa es busca augmentar\u00a0el planter de veus per a l&#8217;Escolania.<\/p>\n","protected":false},"excerpt":{"rendered":"<p>El Gran Teatre ha acollit aquest dimecres, dia 10 d&#8217;abril, l&#8217;original concert &#8220;Cantar ens uneix&#8221; en el que han participat alumnes de 15 centres de la ciutat, Santa Pola i [&hellip;]<\/p>\n","protected":false},"author":15,"featured_media":88628,"comment_status":"closed","ping_status":"closed","sticky":false,"template":"","format":"standard","meta":{"footnotes":""},"categories":[193,194],"tags":[],"class_list":["post-88657","post","type-post","status-publish","format-standard","has-post-thumbnail","hentry","category-cultura-va","category-educacio-va"],"_links":{"self":[{"href":"https:\/\/www.elche.es\/va\/wp-json\/wp\/v2\/posts\/88657","targetHints":{"allow":["GET"]}}],"collection":[{"href":"https:\/\/www.elche.es\/va\/wp-json\/wp\/v2\/posts"}],"about":[{"href":"https:\/\/www.elche.es\/va\/wp-json\/wp\/v2\/types\/post"}],"author":[{"embeddable":true,"href":"https:\/\/www.elche.es\/va\/wp-json\/wp\/v2\/users\/15"}],"replies":[{"embeddable":true,"href":"https:\/\/www.elche.es\/va\/wp-json\/wp\/v2\/comments?post=88657"}],"version-history":[{"count":0,"href":"https:\/\/www.elche.es\/va\/wp-json\/wp\/v2\/posts\/88657\/revisions"}],"wp:featuredmedia":[{"embeddable":true,"href":"https:\/\/www.elche.es\/va\/wp-json\/wp\/v2\/media\/88628"}],"wp:attachment":[{"href":"https:\/\/www.elche.es\/va\/wp-json\/wp\/v2\/media?parent=88657"}],"wp:term":[{"taxonomy":"category","embeddable":true,"href":"https:\/\/www.elche.es\/va\/wp-json\/wp\/v2\/categories?post=88657"},{"taxonomy":"post_tag","embeddable":true,"href":"https:\/\/www.elche.es\/va\/wp-json\/wp\/v2\/tags?post=88657"}],"curies":[{"name":"wp","href":"https:\/\/api.w.org\/{rel}","templated":true}]}}