{"id":90079,"date":"2019-04-26T13:42:20","date_gmt":"2019-04-26T12:42:20","guid":{"rendered":"http:\/\/www.elche.es\/va\/?p=90079"},"modified":"2019-04-26T13:42:20","modified_gmt":"2019-04-26T12:42:20","slug":"lajuntament-demana-al-ministeri-que-en-la-construccio-de-la-segona-pista-de-laeroport-es-tinga-en-compte-la-proteccio-ambiental-daigua-amarga-i-el-creixement-urbanistic-de-torrellano","status":"publish","type":"post","link":"https:\/\/www.elche.es\/va\/2019\/04\/lajuntament-demana-al-ministeri-que-en-la-construccio-de-la-segona-pista-de-laeroport-es-tinga-en-compte-la-proteccio-ambiental-daigua-amarga-i-el-creixement-urbanistic-de-torrellano\/","title":{"rendered":"L&#8217;Ajuntament demana al Ministeri que en la construcci\u00f3 de la segona pista de l&#8217;aeroport es tinga en compte la protecci\u00f3 ambiental d&#8217;Aigua Amarga i el creixement urban\u00edstic de Torrellano"},"content":{"rendered":"<p>La Junta de Govern Local ha acordat sol\u00b7licitar al Ministeri de Foment que en la construcci\u00f3 de la segona pista de l&#8217;Aeroport Alcant-Elx es tinga en compte la protecci\u00f3 de l&#8217;espai natural d&#8217;Aigua Amarga, aix\u00ed com el creixement urban\u00edstic de Torrellano.<\/p>\n<p>Aix\u00ed ho ha explicat la portaveu de l&#8217;Equip de Govern, Patr\u00edcia Maci\u00e0, qui ha aclarit que el que ha fet aquest divendres l&#8217;Ajuntament \u00e9s realitzar suggeriments a l&#8217;esborrany del Pla Director de l&#8217;Aeroport que es troba en fase d&#8217;avaluaci\u00f3 ambiental.<\/p>\n<p>Maci\u00e0 ha explicat que el document planteja dues alternatives. Una d&#8217;elles, l&#8217;opci\u00f3 B, es descarta per ser incompatible amb el Pla General. L&#8217;altra, l&#8217;opci\u00f3 A, se situa en el nord de la pista actual. Aquest plantejament afecta a part dels terrenys d&#8217;Aigua Amarga, situat en el terme municipal d&#8217;Alacant.<\/p>\n<p>Segons l&#8217;informe de sostenibilitat realitzat pel\u00a0personal t\u00e8cnic de diferents departaments \u201cla necessitat de construir una nova pista i carrers de rodatge suposen una important agressi\u00f3 al medi, als valors i als recursos ambientals, especialment per a l&#8217;aiguamoll catalogat d&#8217;Aigua Amarga\u201d.<\/p>\n<p>D&#8217;aquesta manera, \u201cper a compensar el greu mal ambiental de la instal\u00b7laci\u00f3 proposada, en aquest sentit, s&#8217;hauria de considerar, com a mesura ambiental compensat\u00f2ria adequada, l&#8217;adquisici\u00f3 de terrenys privats d&#8217;inter\u00e9s ambiental en l&#8217;\u00e0mbit d&#8217;aiguamolls pr\u00f2xims com poden ser els terrenys afectats per la futura ampliaci\u00f3 (en tr\u00e0mit) del Paratge Natural Municipal del Clot de Galvany en proporci\u00f3 superior al metre per metre de la superf\u00edcie total de l&#8217;aiguamoll catalogat d&#8217;Aigua Amarga i el seu per\u00edmetre de protecci\u00f3\u201d.<\/p>\n<p>D&#8217;altra banda, la portaveu ha indicat que la construcci\u00f3 de la segona pista en l&#8217;eeroport tamb\u00e9 afectaria el sector de s\u00f2l urbanitzable TO-4 de Torrellano, sector d&#8217;\u00fas terciari d&#8217;IFA. Tamb\u00e9 es produeix una incid\u00e8ncia sobre el sector de s\u00f2l urbanitzable TO-3 de Torrellano d&#8217;\u00fas residencial.<\/p>\n<p>\u201c\u00c9s a dir, que la construcci\u00f3 d&#8217;aquesta pista afectaria el TO-4 al TO-3 i a Elx Parc Empresarial. A m\u00e9s, tamb\u00e9 el TO-2, encara sense ordenar, i TO-1 es trobarien en zona vulnerada per aquesta construcci\u00f3. En resum- aclareix Maci\u00e0- es considera que les servituds aeron\u00e0utiques que es deriven de l&#8217;alternativa triada per a la segona pista de vol produiran un important impacte social, ambiental i econ\u00f2mic sobre els s\u00f2ls de l&#8217;entorn de l&#8217;aeroport, en concret sobre els s\u00f2ls urbans pendents d&#8217;edificaci\u00f3 i sobre els futurs desenvolupaments urban\u00edstics previstos des del Pla General i que han sigut informats favorablement per la Direcci\u00f3 General d&#8217;Aviaci\u00f3 Civil, per la qual cosa se sol\u00b7licita que es compatibilitze la soluci\u00f3 adoptada amb aquests desenvolupaments\u201d.<\/p>\n","protected":false},"excerpt":{"rendered":"<p>La Junta de Govern Local ha acordat sol\u00b7licitar al Ministeri de Foment que en la construcci\u00f3 de la segona pista de l&#8217;Aeroport Alcant-Elx es tinga en compte la protecci\u00f3 de [&hellip;]<\/p>\n","protected":false},"author":15,"featured_media":89611,"comment_status":"closed","ping_status":"closed","sticky":false,"template":"","format":"standard","meta":{"footnotes":""},"categories":[161,391,210],"tags":[],"class_list":["post-90079","post","type-post","status-publish","format-standard","has-post-thumbnail","hentry","category-ajuntament","category-home-va","category-urbanisme-va"],"_links":{"self":[{"href":"https:\/\/www.elche.es\/va\/wp-json\/wp\/v2\/posts\/90079","targetHints":{"allow":["GET"]}}],"collection":[{"href":"https:\/\/www.elche.es\/va\/wp-json\/wp\/v2\/posts"}],"about":[{"href":"https:\/\/www.elche.es\/va\/wp-json\/wp\/v2\/types\/post"}],"author":[{"embeddable":true,"href":"https:\/\/www.elche.es\/va\/wp-json\/wp\/v2\/users\/15"}],"replies":[{"embeddable":true,"href":"https:\/\/www.elche.es\/va\/wp-json\/wp\/v2\/comments?post=90079"}],"version-history":[{"count":0,"href":"https:\/\/www.elche.es\/va\/wp-json\/wp\/v2\/posts\/90079\/revisions"}],"wp:featuredmedia":[{"embeddable":true,"href":"https:\/\/www.elche.es\/va\/wp-json\/wp\/v2\/media\/89611"}],"wp:attachment":[{"href":"https:\/\/www.elche.es\/va\/wp-json\/wp\/v2\/media?parent=90079"}],"wp:term":[{"taxonomy":"category","embeddable":true,"href":"https:\/\/www.elche.es\/va\/wp-json\/wp\/v2\/categories?post=90079"},{"taxonomy":"post_tag","embeddable":true,"href":"https:\/\/www.elche.es\/va\/wp-json\/wp\/v2\/tags?post=90079"}],"curies":[{"name":"wp","href":"https:\/\/api.w.org\/{rel}","templated":true}]}}