{"id":91749,"date":"2019-05-16T07:43:21","date_gmt":"2019-05-16T06:43:21","guid":{"rendered":"http:\/\/www.elche.es\/va\/?p=91749"},"modified":"2019-05-16T07:43:21","modified_gmt":"2019-05-16T06:43:21","slug":"talls-de-carrer-o-limitacio-destacionament-previstos-per-a-aquests-proxims-dies-17-al-23-de-maig","status":"publish","type":"post","link":"https:\/\/www.elche.es\/va\/2019\/05\/talls-de-carrer-o-limitacio-destacionament-previstos-per-a-aquests-proxims-dies-17-al-23-de-maig\/","title":{"rendered":"Talls de carrer o limitaci\u00f3 d&#8217;estacionament previstos per a aquests pr\u00f2xims dies (17 al 23 de maig)"},"content":{"rendered":"<p>Esdeveniments:<\/p>\n<p># Carrera solid\u00e0ria (CEIP &#8220;Verge Assumpci\u00f3&#8221;)<br \/>\n&#x1f4c6; 17 de maig<br \/>\n\u23f0 09.30 a 12.00<br \/>\n&#x1f4cd; Itinerari: Capit\u00e0 Antoni Mena, entre els carrers: Reina Vict\u00f2ria i Poeta Miguel Hern\u00e1ndez; i Reina Vict\u00f2ria, per la vorera entrant al centre escolar.<br \/>\n&#x1f6ab; Des de les 07.00 en Capit\u00e0 Antoni Mena (entre Poeta Miguel Hern\u00e1ndez i Reina Vict\u00f2ria)<br \/>\n\u26d4\ufe0f Cap al tram ressenyat<\/p>\n<p># Festivitat Sant Pasqual &#8220;Bail\u00f3n&#8221;<br \/>\n&#x1f4c6; 17 de maig<br \/>\n\u23f015.00<br \/>\n&#x1f4cd;Azor\u00edn<br \/>\n&#x1f6ab; Des de les 13.00 el divendres 17 al dissabte 18 en carrer Azor\u00edn (entre Fernanda Santamar\u00eda i Ventarich)<br \/>\n\u26d4\ufe0f Des del divendres 17 al dissabte 18 en carrer Azor\u00edn (entre Fernanda Santamar\u00eda i Ventarich) a partir de les 15.00<\/p>\n<p># Concert rock infantil<br \/>\n&#x1f4c6; 17 de maig<br \/>\n\u23f0\u00a018.00<br \/>\n&#x1f4cd; Poliesportiu del Pla (pistes de minib\u00e0squet).<br \/>\n&#x1f6ab; Des de les 12.00 fins a les 23.00 en Capit\u00e0 Antoni Mena (a prop dels vestuaris del poliesportiu) reserva per a tres vehicles<\/p>\n<p># Concentraci\u00f3 (reivindicaci\u00f3 LGTB)<br \/>\n&#x1f4c6; 17 de maig<br \/>\n\u23f0 19.00 (1 h aprox.)<br \/>\n&#x1f4cd; Pla\u00e7a de Baix<br \/>\n&#x1f6ab; Des de les 17.00 en pla\u00e7a de Baix<br \/>\n\u26d4\ufe0f Possible tall de tr\u00e0nsit de la pla\u00e7a<\/p>\n<p># Romeria de Sant Isidre (La Marina)<br \/>\n&#x1f4c6; 19 de maig<br \/>\n\u23f0 10.00<br \/>\n&#x1f4cd; Itinerari: eixida des d&#8217;habitatge situat en el pol\u00edgon\u00a0 n\u00fam. 303, discorrent per l&#8217;av. de l&#8217;Alegria, fins a parr\u00f2quia i des de parr\u00f2quia al n\u00fam. 6 de l&#8217;av. de l&#8217;Alegria, des d&#8217;on canviar\u00e0 el sentit per a disc\u00f3rrer de nou per l&#8217;av. de l&#8217;Alegria fins al centre social<br \/>\n&#x1f6ab; Des de les 08.00 als carrers N\u00favols i Orient.<br \/>\n&#x1f6ab; Des de les 08.00 en l&#8217;av. de l&#8217;Alegria, tot el recorregut de la romeria , tots dos costats.<br \/>\n\u26d4\ufe0f Tall del tr\u00e0nsit rodat al carrer N\u00favols (entre els n\u00fameros 19 i 27)<br \/>\n\u26d4\ufe0f Cap a l&#8217;itinerari<\/p>\n<p># Marxa ciclista i xarrada educaci\u00f3 vi\u00e0ria<br \/>\n&#x1f4c6; 20 de maig<br \/>\n\u23f0 11.15 a 14.00<br \/>\n&#x1f4cd;Itinerari: eixida des del col\u00b7legi, av. de l&#8217;Alegria, cam\u00ed del Pinet, Parc Natural de les Salines, Hostal Gal\u00edcia, tornant pel cam\u00ed dels Ruices, av. de l&#8217;Alegria al centre escolar.<\/p>\n<p># Concentraci\u00f3 (malestar pensions)<br \/>\n&#x1f4c6; 20 de maig<br \/>\n\u23f0 19.00 (1 h)<br \/>\n&#x1f4cd;Pla\u00e7a de Baix<\/p>\n<p># Concentraci\u00f3 (acomiadament CCOO)<br \/>\n&#x1f4c6; 21 de maig<br \/>\n\u23f0 17.45 (2 h aprox.)<br \/>\n&#x1f4cd; Illiueca, 2<br \/>\n&#x1f6ab; Des de les 15.00 i fins a les 20.00\u00a0al c\/Illueca, fa\u00e7ana Comissions Obreres, tots dos costats.<br \/>\n\u26d4\ufe0f Tall del tr\u00e0nsit rodat cap al lloc de concentraci\u00f3.<\/p>\n<p>&lt;&lt;FESTIVITAT SANT PASQUAL &#8220;BAIL\u00d3N&#8221;&gt;&gt;<br \/>\n\u2139\u00a0\u00a0La instal\u00b7laci\u00f3 del tradicional mercat ambulant es realitzar\u00e0 en la vesprada del divendres 17 de maig, i obrir\u00e0 al p\u00fablic el dissabte i diumenge.<br \/>\n&#x1f6ab; En tota la pla\u00e7a de Reis\u00a0Cat\u00f2lics des de les 14.00 del divendres 17 de maig<br \/>\n\u26d4\ufe0f Cap a la pla\u00e7a<\/p>\n<p># Sopar de Cabasset i activitats<br \/>\n&#x1f4c6; 17 de maig<br \/>\n\u23f0 21.00 a 02.00<br \/>\n&#x1f4cd;Pla\u00e7a del Crist de Zalamea (al costat de l&#8217;esgl\u00e9sia Sant Josep)<br \/>\n&#x1f6ab; Des de les 14.00 els dies 17, 18 i 19 de maig en la pla\u00e7a Reis Cat\u00f2lics, front a l&#8217;esgl\u00e9sia i CEU.<br \/>\n\u26d4\ufe0f Des de Sor Josefa Alcorta cap a Reis Cat\u00f2lics a partir de les 18.00<\/p>\n<p># Jornada Conviv\u00e8ncia (Confraria La Caiguda)<br \/>\n&#x1f4c6; 18 de maig<br \/>\n\u23f0 16.00<br \/>\n&#x1f4cd; Pintor Murillo (entre els carrers Sant Antoni del Pla i Sant Pasqual)<br \/>\n\u26d4\ufe0f Cap al tram indicat<\/p>\n<p># Jocs infantils<br \/>\n&#x1f4c6; 18 de maig<br \/>\n\u23f0 17.00 a 20.00<br \/>\n&#x1f4cd;Pla\u00e7a del Crist de Zalamea<br \/>\n\u26d4\ufe0f Tall de tr\u00e0nsit a les 15.00<\/p>\n<p># Concentraci\u00f3 de comissions i ofrena<br \/>\n&#x1f4c6; 19 de maig<br \/>\n\u23f0 11.15<br \/>\n&#x1f4cd; Itinerari: Passeig\u00a0 de Germanies, Major del Pla, Santa Anna, pla\u00e7a Reis Cat\u00f2lics a parr\u00f2quia.<br \/>\n# Solemne process\u00f3<br \/>\n&#x1f4c6; 19 de maig<br \/>\n\u23f0 20.00<br \/>\n&#x1f4cd; Itinerari: esgl\u00e9sia Sant Josep, pla\u00e7a Reis Cat\u00f2lics, Genaro Calatayud, Aljub, Sant Josep, Sant Pasqual, Pintor Murillo, Major del Pla, Santa Anna, pla\u00e7a\u00a0Reis Cat\u00f2lics, esgl\u00e9sia Sant Josep.<br \/>\n&#x1f6ab; En l&#8217;itinerari de la process\u00f3<br \/>\n\u26d4\ufe0f Cap a l&#8217;itinerari<\/p>\n<p># Castell de focs artificials<br \/>\n&#x1f4c6; 19 de maig<br \/>\n\u23f0 En finalitzar la process\u00f3<br \/>\n&#x1f4cd;Jard\u00ed darrere de biblioteca Pere Ibarra<br \/>\n&#x1f6ab; En el cam\u00ed paral\u00b7lel al jard\u00ed i el vessant del Riu Vinalop\u00f3<br \/>\n\u26d4\ufe0f Cap a la zona d&#8217;influ\u00e8ncia de la pirot\u00e8cnia<\/p>\n<p>&lt;&lt;FESTIVITAT SANT ISIDRE LLAURADOR (ALGOR\u00d3S)&gt;&gt;<br \/>\n# Solemne process\u00f3 i castell de focs artificials<br \/>\n&#x1f4c6; 19 de maig<br \/>\n\u23f0 20.30 i en finalitzar\u00a0aquesta<br \/>\n&#x1f4cd;Itinerari no disponible<br \/>\n&#x1f6ab; Des de les 17.00 en el recinte de l&#8217;ermita i cam\u00ed de l&#8217;Ermita fins a encreuament amb ctra. del Lle\u00f3.<br \/>\n\u26d4\ufe0f Cap a l&#8217;itinerari<\/p>\n<p>Rep informaci\u00f3 A l&#8217;INSTANT amb #Telegram i consulta els esdeveniments previstos. M\u00e9s info: <a href=\"https:\/\/t.me\/policiaelche\">https:\/\/t.me\/policiaelche<\/a><\/p>\n<p>&#x1f50e; Localitzador de vehicles traslladats: <a href=\"http:\/\/bit.ly\/locdv3\">bit.ly\/locdv3<\/a><\/p>\n","protected":false},"excerpt":{"rendered":"<p>Esdeveniments: # Carrera solid\u00e0ria (CEIP &#8220;Verge Assumpci\u00f3&#8221;) &#x1f4c6; 17 de maig \u23f0 09.30 a 12.00 &#x1f4cd; Itinerari: Capit\u00e0 Antoni Mena, entre els carrers: Reina Vict\u00f2ria i Poeta Miguel Hern\u00e1ndez; i [&hellip;]<\/p>\n","protected":false},"author":15,"featured_media":91741,"comment_status":"closed","ping_status":"closed","sticky":false,"template":"","format":"standard","meta":{"footnotes":""},"categories":[882,1323],"tags":[],"class_list":["post-91749","post","type-post","status-publish","format-standard","has-post-thumbnail","hentry","category-incidencies-i-avisos","category-policia-local-trafico-va"],"_links":{"self":[{"href":"https:\/\/www.elche.es\/va\/wp-json\/wp\/v2\/posts\/91749","targetHints":{"allow":["GET"]}}],"collection":[{"href":"https:\/\/www.elche.es\/va\/wp-json\/wp\/v2\/posts"}],"about":[{"href":"https:\/\/www.elche.es\/va\/wp-json\/wp\/v2\/types\/post"}],"author":[{"embeddable":true,"href":"https:\/\/www.elche.es\/va\/wp-json\/wp\/v2\/users\/15"}],"replies":[{"embeddable":true,"href":"https:\/\/www.elche.es\/va\/wp-json\/wp\/v2\/comments?post=91749"}],"version-history":[{"count":0,"href":"https:\/\/www.elche.es\/va\/wp-json\/wp\/v2\/posts\/91749\/revisions"}],"wp:featuredmedia":[{"embeddable":true,"href":"https:\/\/www.elche.es\/va\/wp-json\/wp\/v2\/media\/91741"}],"wp:attachment":[{"href":"https:\/\/www.elche.es\/va\/wp-json\/wp\/v2\/media?parent=91749"}],"wp:term":[{"taxonomy":"category","embeddable":true,"href":"https:\/\/www.elche.es\/va\/wp-json\/wp\/v2\/categories?post=91749"},{"taxonomy":"post_tag","embeddable":true,"href":"https:\/\/www.elche.es\/va\/wp-json\/wp\/v2\/tags?post=91749"}],"curies":[{"name":"wp","href":"https:\/\/api.w.org\/{rel}","templated":true}]}}