{"id":9276,"date":"2016-11-29T11:28:04","date_gmt":"2016-11-29T11:28:04","guid":{"rendered":"http:\/\/www.elche.es\/va\/2016\/11\/una-navidad-con-mas-iluminacion-y-una-cabalgata-con-un-recorrido-mas-largo\/"},"modified":"2016-11-29T13:33:41","modified_gmt":"2016-11-29T13:33:41","slug":"una-navidad-con-mas-iluminacion-y-una-cabalgata-con-un-recorrido-mas-largo","status":"publish","type":"post","link":"https:\/\/www.elche.es\/va\/2016\/11\/una-navidad-con-mas-iluminacion-y-una-cabalgata-con-un-recorrido-mas-largo\/","title":{"rendered":"Un Nadal amb m\u00e9s il\u00b7luminaci\u00f3 i una Cavalcada amb un recorregut m\u00e9s llarg"},"content":{"rendered":"<blockquote><p>El regidor de Festes, Jos\u00e9 Perez, indica que hi haur\u00e0 aproximadament entre 3.000 i 4.000 cadires m\u00e9s per a vore el recorregut dels Reis d\u2019Orient<\/p>\n<p>La pla\u00e7a Primer de Maig disposar\u00e0 d\u2019il\u00b7luminaci\u00f3 per primera volta<\/p>\n<p>&nbsp;<\/p><\/blockquote>\n<p>El regidor de Festes, Pepe P\u00e9rez, ha presentat la programaci\u00f3 de Nadal, que comen\u00e7ar\u00e0 el pr\u00f2xim 5 de desembre amb l\u2019encesa de l&#8217;enllumenat extraordinari i el concert de nadalenques que corre a c\u00e0rrec de l\u2019Escolania del Misteri.<br \/>\n\u201cPer una banda, s\u2019il\u00b7luminar\u00e0 tot el recorregut de la Cavalcada de Reis, que enguany \u00e9s m\u00e9s llarg, per la qual cosa hi haur\u00e0 m\u00e9s carrers il\u00b7luminats; i, a m\u00e9s, s\u2019afegir\u00e0 decoraci\u00f3 nadalenca en la rotonda de Maezca, la pla\u00e7a de Baix, la pla\u00e7a del Congr\u00e9s Eucar\u00edstic, i s\u2019instal\u00b7laran arcs en les distintes pedanies\u201d, ha assenyalat Pepe P\u00e9rez, que ha afegit que l\u2019empresa que s\u2019encarrega de la il\u00b7luminaci\u00f3, que s\u2019adjudic\u00e0 per concurs, t\u00e9 un pressupost de 18.295 euros.<br \/>\nEl regidor ha ressaltat tamb\u00e9 que enguany s\u2019han col\u00b7locat decoraci\u00f3 i enllumenat, a c\u00e0rrec de l\u2019Ajuntament, en la vessant del riu, l\u2019arbre del pont de Canalejas, la pla\u00e7a de Castella, la pla\u00e7a de Benidorm, el Parc Salvador Allende, la pla\u00e7a de les Flors, la pla\u00e7a Primer de Maig, que per primera volta estar\u00e0 il\u00b7luminada, i un arbre llumin\u00f3s en el Jard\u00ed d\u2019Andalusia.<br \/>\nAix\u00ed mateix, a causa de la demanda dels ciutadans, enguany la Cavalcada disposar\u00e0 de m\u00e9s recorregut, cosa que suposa un increment d\u2019entre 4.000 i 5.000 seients.<br \/>\nCartell<br \/>\nPer altra banda, el regidor de Festes ha presentat el cartell de Nadal, obra de l\u2019artista Vicente Javier Poveda, guanyador del concurs de cartells nadalencs que organitz\u00e0 l\u2019Ajuntament.<br \/>\n\u201cHe volgut plasmar la ciutat d\u2019Elx com era ans, o almenys com jo me l\u2019he imaginada. He plasmat el Betlem, els Reis d\u2019Orient, i en l\u2019estampa apareixen tamb\u00e9 Santa Pola, l\u2019illa de Tabarca i incl\u00fas el castell de Santa B\u00e0rbara\u201d, ha exposat l\u2019autor.<br \/>\nD\u2019esta manera, este cartell apareix tamb\u00e9 en els fullets amb la programaci\u00f3 de Nadal. Enguany s\u2019han impr\u00e9s 20.000 unitats que es repartiran per tota la ciutat.<\/p>\n","protected":false},"excerpt":{"rendered":"<p>El regidor de Festes, Jos\u00e9 Perez, indica que hi haur\u00e0 aproximadament entre 3.000 i 4.000 cadires m\u00e9s per a vore el recorregut dels Reis d\u2019Orient La pla\u00e7a Primer de Maig [&hellip;]<\/p>\n","protected":false},"author":131,"featured_media":9277,"comment_status":"closed","ping_status":"closed","sticky":false,"template":"","format":"standard","meta":{"footnotes":""},"categories":[191],"tags":[444,406,443,397],"class_list":["post-9276","post","type-post","status-publish","format-standard","has-post-thumbnail","hentry","category-festes-va","tag-cabalgata","tag-elche-va","tag-iluminacion","tag-navidad-va"],"_links":{"self":[{"href":"https:\/\/www.elche.es\/va\/wp-json\/wp\/v2\/posts\/9276","targetHints":{"allow":["GET"]}}],"collection":[{"href":"https:\/\/www.elche.es\/va\/wp-json\/wp\/v2\/posts"}],"about":[{"href":"https:\/\/www.elche.es\/va\/wp-json\/wp\/v2\/types\/post"}],"author":[{"embeddable":true,"href":"https:\/\/www.elche.es\/va\/wp-json\/wp\/v2\/users\/131"}],"replies":[{"embeddable":true,"href":"https:\/\/www.elche.es\/va\/wp-json\/wp\/v2\/comments?post=9276"}],"version-history":[{"count":0,"href":"https:\/\/www.elche.es\/va\/wp-json\/wp\/v2\/posts\/9276\/revisions"}],"wp:featuredmedia":[{"embeddable":true,"href":"https:\/\/www.elche.es\/va\/wp-json\/wp\/v2\/media\/9277"}],"wp:attachment":[{"href":"https:\/\/www.elche.es\/va\/wp-json\/wp\/v2\/media?parent=9276"}],"wp:term":[{"taxonomy":"category","embeddable":true,"href":"https:\/\/www.elche.es\/va\/wp-json\/wp\/v2\/categories?post=9276"},{"taxonomy":"post_tag","embeddable":true,"href":"https:\/\/www.elche.es\/va\/wp-json\/wp\/v2\/tags?post=9276"}],"curies":[{"name":"wp","href":"https:\/\/api.w.org\/{rel}","templated":true}]}}